{"id":1038,"date":"2025-05-14T10:31:15","date_gmt":"2025-05-14T08:31:15","guid":{"rendered":"https:\/\/vs-haldenwang.de\/wordpress\/?p=1038"},"modified":"2025-05-14T10:31:15","modified_gmt":"2025-05-14T08:31:15","slug":"ein-spannender-ausflug-in-die-welt-der-buecher","status":"publish","type":"post","link":"https:\/\/vs-haldenwang.de\/wordpress\/2025\/05\/14\/ein-spannender-ausflug-in-die-welt-der-buecher\/","title":{"rendered":"Ein spannender Ausflug in die Welt der B\u00fccher"},"content":{"rendered":"\n<p>Am 6. Mai fuhren die Klasse 4a und 4b aus der Grundschule Haldenwang anl\u00e4sslich des Welttag des Buches 2025 f\u00fcr einen Besuch in die Erlebnis-Buchhandlung didactus und in die Stadtbibliothek nach Kempten.<\/p>\n\n\n\n<p>In der Erlebnis-Buchhandlung didactus stellte Herr Sch\u00f6ll zuerst seine Buchhandlung und dann das Buch zum Welttag des Buches vor (\u201eCool wie Bolle\u201c). Die Kinder erfuhren was eine Buchpreisbindung ist und wie man seine Buchhandlung vor Ort unterst\u00fctzen kann. Im Anschluss durften die Kinder die Buchhandlung selbst erkunden und f\u00fcnf R\u00e4tsel-Stationen, die in der Buchhandlung verteilt waren, l\u00f6sen. Die vielen Sitzm\u00f6glichkeiten boten den Kindern die M\u00f6glichkeit in Ruhe in ein Buch hineinzuschauen. Die Krimi-Leseecke lud die Kinder zum Schm\u00f6kern und gemeinsamen Entdecken ein. Einige sa\u00dfen tief versunken in ein Buch auf den Sesseln und w\u00e4ren gerne noch l\u00e4nger geblieben. Ein weiteres Highlight f\u00fcr die Kinder war die Kugelbahn. Zum Abschluss bekam jedes Kind umsonst ein Exemplar des Buches \u201eCool wie Bolle\u201c.&nbsp; &nbsp;<\/p>\n\n\n\n<p>Nach dem Besuch in der Erlebnisbuchhandlung gingen die Klassen durch den Stadtpark zur Orangerie \u2013 der Stadtbibliothek von Kempten. Dort wurden sie von Frau Sulzer begr\u00fc\u00dft und in den Jugendraum gef\u00fchrt. Sie erkl\u00e4rte den Kindern genau, wie die Ausleihe funktioniert und wie man einen Bibliotheksausweis bekommt. Die Kinder waren erstaunt zu erfahren, dass das Ausleihen bis 16 Jahren kostenlos ist und dass man nicht nur B\u00fccher, sondern auch z.B. Spiele und Filme ausleihen kann.<\/p>\n\n\n\n<p>Die Kinder erfuhren wie die B\u00fccher in der Bibliothek sortiert werden und was die Signatur bedeutet. Dann durften sie selber aktiv werden (\u201eCheck die Bibliothek\u201c) und mussten verschiedene B\u00fccher in der Bibliothek finden. Am Schluss blieb noch Zeit, dass die Kinder selber noch die Bibliothek und ihre B\u00fccher erkunden konnten.<\/p>\n\n\n\n<p>Das Busunternehmen Putz aus B\u00f6rwang brachte uns zuverl\u00e4ssig und p\u00fcnktlich von der Schule nach Kempten und holte uns auch wieder ab. Alles verlief komplett reibungslos \u2013 vielen Dank daf\u00fcr!<\/p>\n","protected":false},"excerpt":{"rendered":"<p>Am 6. Mai fuhren die Klasse 4a und 4b aus der Grundschule Haldenwang anl\u00e4sslich des Welttag des Buches 2025 f\u00fcr &hellip; <\/p>\n","protected":false},"author":4,"featured_media":0,"comment_status":"closed","ping_status":"open","sticky":false,"template":"","format":"standard","meta":{"footnotes":""},"categories":[9],"tags":[],"class_list":["post-1038","post","type-post","status-publish","format-standard","hentry","category-schuljahr-2024-25"],"_links":{"self":[{"href":"https:\/\/vs-haldenwang.de\/wordpress\/wp-json\/wp\/v2\/posts\/1038","targetHints":{"allow":["GET"]}}],"collection":[{"href":"https:\/\/vs-haldenwang.de\/wordpress\/wp-json\/wp\/v2\/posts"}],"about":[{"href":"https:\/\/vs-haldenwang.de\/wordpress\/wp-json\/wp\/v2\/types\/post"}],"author":[{"embeddable":true,"href":"https:\/\/vs-haldenwang.de\/wordpress\/wp-json\/wp\/v2\/users\/4"}],"replies":[{"embeddable":true,"href":"https:\/\/vs-haldenwang.de\/wordpress\/wp-json\/wp\/v2\/comments?post=1038"}],"version-history":[{"count":1,"href":"https:\/\/vs-haldenwang.de\/wordpress\/wp-json\/wp\/v2\/posts\/1038\/revisions"}],"predecessor-version":[{"id":1039,"href":"https:\/\/vs-haldenwang.de\/wordpress\/wp-json\/wp\/v2\/posts\/1038\/revisions\/1039"}],"wp:attachment":[{"href":"https:\/\/vs-haldenwang.de\/wordpress\/wp-json\/wp\/v2\/media?parent=1038"}],"wp:term":[{"taxonomy":"category","embeddable":true,"href":"https:\/\/vs-haldenwang.de\/wordpress\/wp-json\/wp\/v2\/categories?post=1038"},{"taxonomy":"post_tag","embeddable":true,"href":"https:\/\/vs-haldenwang.de\/wordpress\/wp-json\/wp\/v2\/tags?post=1038"}],"curies":[{"name":"wp","href":"https:\/\/api.w.org\/{rel}","templated":true}]}}