{"id":1056,"date":"2025-07-11T12:01:58","date_gmt":"2025-07-11T10:01:58","guid":{"rendered":"https:\/\/vs-haldenwang.de\/wordpress\/?p=1056"},"modified":"2025-07-11T12:01:58","modified_gmt":"2025-07-11T10:01:58","slug":"chorklassentreffen-2025-in-marktoberdorf","status":"publish","type":"post","link":"https:\/\/vs-haldenwang.de\/wordpress\/2025\/07\/11\/chorklassentreffen-2025-in-marktoberdorf\/","title":{"rendered":"Chorklassentreffen 2025 in Marktoberdorf"},"content":{"rendered":"\n<p>Am 3. Juli war es f\u00fcr unsere Chorklasse 1b so weit: Ausgestattet mit farbenfrohen Chorklassen-T-Shirts machten wir uns mit dem Bus auf den Weg ins MODeon.<\/p>\n\n\n\n<p>Dort trafen wir auf Hunderte anderer fr\u00f6hlicher Chorklassenkinder, die auch schon voller Vorfreude dem \u201eNachtkind\u201c \u2013 einer Geschichte von Armin Kaster &#8211; entgegenfieberten\u2026<\/p>\n\n\n\n<p>Sechs gemeinsame Lieder, die aus unseren und mehreren Hundert anderen Kinderkehlen erklangen, verbreiteten besonderes G\u00e4nsehautfeeling und untermalten ganz zauberhaft das Bilderbuch, das uns der Autor pers\u00f6nlich vortrug.<\/p>\n\n\n\n<p>\u201eMusik ist ein Zauber, den jeder versteht\u2026.\u201c<\/p>\n\n\n\n<p>\u2026<\/p>\n\n\n\n<p>Herzlichen Dank an den Chorverband Bayerisch-Schwaben f\u00fcr dieses wundersch\u00f6ne musikalische Highlight, f\u00fcr die topp Organisation und f\u00fcr die \u00dcbernahme s\u00e4mtlicher Kosten.<\/p>\n\n\n\n<p>Danke auch an alle, die uns begleitet haben \u2013 vor Ort oder von zuhause aus.<\/p>\n\n\n\n<p>Der Chorklassentag hat uns viel Freude gemacht \u2013 und wir haben gesp\u00fcrt: \u201eGl\u00fcck ist, wenn Musik erklingt und dein K\u00f6rper dazu schwingt\u2026\u201c<\/p>\n\n\n\n<p class=\"has-text-align-right\">von: Marietta Blind<\/p>\n","protected":false},"excerpt":{"rendered":"<p>Am 3. Juli war es f\u00fcr unsere Chorklasse 1b so weit: Ausgestattet mit farbenfrohen Chorklassen-T-Shirts machten wir uns mit dem &hellip; <\/p>\n","protected":false},"author":4,"featured_media":0,"comment_status":"closed","ping_status":"open","sticky":false,"template":"","format":"standard","meta":{"footnotes":""},"categories":[9],"tags":[],"class_list":["post-1056","post","type-post","status-publish","format-standard","hentry","category-schuljahr-2024-25"],"_links":{"self":[{"href":"https:\/\/vs-haldenwang.de\/wordpress\/wp-json\/wp\/v2\/posts\/1056","targetHints":{"allow":["GET"]}}],"collection":[{"href":"https:\/\/vs-haldenwang.de\/wordpress\/wp-json\/wp\/v2\/posts"}],"about":[{"href":"https:\/\/vs-haldenwang.de\/wordpress\/wp-json\/wp\/v2\/types\/post"}],"author":[{"embeddable":true,"href":"https:\/\/vs-haldenwang.de\/wordpress\/wp-json\/wp\/v2\/users\/4"}],"replies":[{"embeddable":true,"href":"https:\/\/vs-haldenwang.de\/wordpress\/wp-json\/wp\/v2\/comments?post=1056"}],"version-history":[{"count":1,"href":"https:\/\/vs-haldenwang.de\/wordpress\/wp-json\/wp\/v2\/posts\/1056\/revisions"}],"predecessor-version":[{"id":1057,"href":"https:\/\/vs-haldenwang.de\/wordpress\/wp-json\/wp\/v2\/posts\/1056\/revisions\/1057"}],"wp:attachment":[{"href":"https:\/\/vs-haldenwang.de\/wordpress\/wp-json\/wp\/v2\/media?parent=1056"}],"wp:term":[{"taxonomy":"category","embeddable":true,"href":"https:\/\/vs-haldenwang.de\/wordpress\/wp-json\/wp\/v2\/categories?post=1056"},{"taxonomy":"post_tag","embeddable":true,"href":"https:\/\/vs-haldenwang.de\/wordpress\/wp-json\/wp\/v2\/tags?post=1056"}],"curies":[{"name":"wp","href":"https:\/\/api.w.org\/{rel}","templated":true}]}}