{"id":1058,"date":"2025-07-11T12:04:59","date_gmt":"2025-07-11T10:04:59","guid":{"rendered":"https:\/\/vs-haldenwang.de\/wordpress\/?p=1058"},"modified":"2025-07-11T12:04:59","modified_gmt":"2025-07-11T10:04:59","slug":"buntes-treiben-beim-sommerfest-unserer-grundschule","status":"publish","type":"post","link":"https:\/\/vs-haldenwang.de\/wordpress\/2025\/07\/11\/buntes-treiben-beim-sommerfest-unserer-grundschule\/","title":{"rendered":"Buntes Treiben beim Sommerfest unserer Grundschule"},"content":{"rendered":"\n<p>Bei bestem Sommerwetter feierten wir unser traditionelles Sommerfest. Zahlreiche Eltern, Gro\u00dfeltern und Freunde der Schule waren gekommen, um gemeinsam mit den Kindern den Schuljahresabschluss zu feiern.<\/p>\n\n\n\n<p>Gleich zu Beginn begr\u00fc\u00dften wir unsere G\u00e4ste mit einem fr\u00f6hlichen Lied von der Instrumentalgruppe, von den 3. und 4. Klassen mit \u201ecupsong -Rhythmen\u201c und einer Bodypercussion der 1.und 2. Klassen. Zahlreiche Mitmachaktionen wie Tic Tac Toe\u201c, Monsterschmuck, Schleuderb\u00e4lle und Anti-Stress-B\u00e4lle basteln, Lesezeichen filzen, , \u201eDart Balloon Painting\u201c, Dosenwerfen, eine \u201eFotobox\u201c, Stoffdruck mit unserem Schullogo, ebenso luden ein Sinnesparcours eine Entspannungs-Oase, ein Bienenr\u00e4tsel zum Mitmachen ein.<\/p>\n\n\n\n<p>F\u00fcr das leibliche Wohl war ebenfalls bestens gesorgt \u2013 das reichhaltige Kuchenbuffet mit selbstgebackenen Kuchen lie\u00df keine W\u00fcnsche offen.<\/p>\n\n\n\n<p>Ein herzliches Dankesch\u00f6n unserem Elternbeirat, allen Helferinnen und Helfern, den vielen Kuchenb\u00e4ckerinnen und B\u00e4ckern, f\u00fcr die tatkr\u00e4ftige Unterst\u00fctzung! Ohne das gro\u00dfe Engagement unserer Schulgemeinschaft w\u00e4re ein solches Fest nicht m\u00f6glich. Der Reinerl\u00f6s kommt dieses Jahr unseren Schulkindern zu Gute.<\/p>\n\n\n\n<p>Das Sommerfest bot nicht nur einen fr\u00f6hlichen Ausklang des Schuljahres, sondern auch eine sch\u00f6ne Gelegenheit f\u00fcr Austausch und Gemeinschaft. Alle Beteiligten waren sich einig: Es war ein rundum gelungenes Fest!<\/p>\n\n\n\n<p class=\"has-text-align-right\">von: Brigitte Schmid-Brunk<\/p>\n","protected":false},"excerpt":{"rendered":"<p>Bei bestem Sommerwetter feierten wir unser traditionelles Sommerfest. Zahlreiche Eltern, Gro\u00dfeltern und Freunde der Schule waren gekommen, um gemeinsam mit &hellip; <\/p>\n","protected":false},"author":4,"featured_media":0,"comment_status":"closed","ping_status":"open","sticky":false,"template":"","format":"standard","meta":{"footnotes":""},"categories":[9],"tags":[],"class_list":["post-1058","post","type-post","status-publish","format-standard","hentry","category-schuljahr-2024-25"],"_links":{"self":[{"href":"https:\/\/vs-haldenwang.de\/wordpress\/wp-json\/wp\/v2\/posts\/1058","targetHints":{"allow":["GET"]}}],"collection":[{"href":"https:\/\/vs-haldenwang.de\/wordpress\/wp-json\/wp\/v2\/posts"}],"about":[{"href":"https:\/\/vs-haldenwang.de\/wordpress\/wp-json\/wp\/v2\/types\/post"}],"author":[{"embeddable":true,"href":"https:\/\/vs-haldenwang.de\/wordpress\/wp-json\/wp\/v2\/users\/4"}],"replies":[{"embeddable":true,"href":"https:\/\/vs-haldenwang.de\/wordpress\/wp-json\/wp\/v2\/comments?post=1058"}],"version-history":[{"count":1,"href":"https:\/\/vs-haldenwang.de\/wordpress\/wp-json\/wp\/v2\/posts\/1058\/revisions"}],"predecessor-version":[{"id":1062,"href":"https:\/\/vs-haldenwang.de\/wordpress\/wp-json\/wp\/v2\/posts\/1058\/revisions\/1062"}],"wp:attachment":[{"href":"https:\/\/vs-haldenwang.de\/wordpress\/wp-json\/wp\/v2\/media?parent=1058"}],"wp:term":[{"taxonomy":"category","embeddable":true,"href":"https:\/\/vs-haldenwang.de\/wordpress\/wp-json\/wp\/v2\/categories?post=1058"},{"taxonomy":"post_tag","embeddable":true,"href":"https:\/\/vs-haldenwang.de\/wordpress\/wp-json\/wp\/v2\/tags?post=1058"}],"curies":[{"name":"wp","href":"https:\/\/api.w.org\/{rel}","templated":true}]}}