{"id":1066,"date":"2025-07-24T12:29:29","date_gmt":"2025-07-24T10:29:29","guid":{"rendered":"https:\/\/vs-haldenwang.de\/wordpress\/?p=1066"},"modified":"2025-07-24T12:33:41","modified_gmt":"2025-07-24T10:33:41","slug":"buechereibesuch-in-der-gemeindebuecherei-haldenwang-am-10-07-2025","status":"publish","type":"post","link":"https:\/\/vs-haldenwang.de\/wordpress\/2025\/07\/24\/buechereibesuch-in-der-gemeindebuecherei-haldenwang-am-10-07-2025\/","title":{"rendered":"B\u00fcchereibesuch in der Gemeindeb\u00fccherei Haldenwang"},"content":{"rendered":"\n<p>Die letzten Wochen des Schuljahres nutzten die Klassen 1a und 1b, um Frau H\u00f6rmann in der Gemeindeb\u00fccherei Haldenwang zu besuchen.<\/p>\n\n\n\n<p>Als wir den Fu\u00dfmarsch von der Schule hinter uns hatten, erwartete uns dort schon ganz ungeduldig die Leseratte Paula. Gemeinsam mit ihr durften wir unter der Anleitung von Frau H\u00f6rmann die B\u00fccherei erkunden. Wir staunten nicht schlecht, als wir dort nicht nur B\u00fccher zum Anschauen und Lesen, sondern auch B\u00fc\u00adcher zum H\u00f6ren, Zeitschriften, CDs und DVDs entdecken konnten. Geduldig erkl\u00e4rte Frau H\u00f6rmann einige Regeln im Umgang mit B\u00fcchern und f\u00fcr die B\u00fccherei, bevor wir ganz gem\u00fctlich B\u00fccher aussuchen und in Ruhe darin schm\u00f6\u00adkern durften \u2013 herrlich!\u2026 Ein toller H\u00f6hepunkt zum Schluss war die Vorlesestunde von Frau H\u00f6rmann: Gebannt lauschten wir den Abenteuern des Schulmeerschweinchens \u201eKing-Kong\u201c.<\/p>\n\n\n\n<p>Als wir uns nach einer guten Schulstunde wieder auf den Heimweg machten, beneideten wir schon ein wenig die Leseratte Paula, die sich nicht von den B\u00fcchern trennen musste, son\u00addern Tag und Nacht in diesem herrlichen B\u00fccherparadies verweilen darf\u2026 Doch eines steht fest: Auch wir kommen sicher gerne immer wieder, um uns mit neuem Lesestoff einzu\u00addecken und ganz nebenbei unsere Lesefertigkeit weiter zu verbessern.<\/p>\n\n\n\n<p>Herzlichen Dank an Frau H\u00f6rmann f\u00fcr ihre Zeit und f\u00fcr die kurzweilige, kindgem\u00e4\u00df aufbereitete Lesestunde der etwas anderen Art.<\/p>\n\n\n\n<p class=\"has-text-align-right\">von: Marietta Blind<\/p>\n","protected":false},"excerpt":{"rendered":"<p>Die letzten Wochen des Schuljahres nutzten die Klassen 1a und 1b, um Frau H\u00f6rmann in der Gemeindeb\u00fccherei Haldenwang zu besuchen. &hellip; <\/p>\n","protected":false},"author":4,"featured_media":0,"comment_status":"closed","ping_status":"open","sticky":false,"template":"","format":"standard","meta":{"footnotes":""},"categories":[9],"tags":[],"class_list":["post-1066","post","type-post","status-publish","format-standard","hentry","category-schuljahr-2024-25"],"_links":{"self":[{"href":"https:\/\/vs-haldenwang.de\/wordpress\/wp-json\/wp\/v2\/posts\/1066","targetHints":{"allow":["GET"]}}],"collection":[{"href":"https:\/\/vs-haldenwang.de\/wordpress\/wp-json\/wp\/v2\/posts"}],"about":[{"href":"https:\/\/vs-haldenwang.de\/wordpress\/wp-json\/wp\/v2\/types\/post"}],"author":[{"embeddable":true,"href":"https:\/\/vs-haldenwang.de\/wordpress\/wp-json\/wp\/v2\/users\/4"}],"replies":[{"embeddable":true,"href":"https:\/\/vs-haldenwang.de\/wordpress\/wp-json\/wp\/v2\/comments?post=1066"}],"version-history":[{"count":3,"href":"https:\/\/vs-haldenwang.de\/wordpress\/wp-json\/wp\/v2\/posts\/1066\/revisions"}],"predecessor-version":[{"id":1069,"href":"https:\/\/vs-haldenwang.de\/wordpress\/wp-json\/wp\/v2\/posts\/1066\/revisions\/1069"}],"wp:attachment":[{"href":"https:\/\/vs-haldenwang.de\/wordpress\/wp-json\/wp\/v2\/media?parent=1066"}],"wp:term":[{"taxonomy":"category","embeddable":true,"href":"https:\/\/vs-haldenwang.de\/wordpress\/wp-json\/wp\/v2\/categories?post=1066"},{"taxonomy":"post_tag","embeddable":true,"href":"https:\/\/vs-haldenwang.de\/wordpress\/wp-json\/wp\/v2\/tags?post=1066"}],"curies":[{"name":"wp","href":"https:\/\/api.w.org\/{rel}","templated":true}]}}