{"id":1095,"date":"2025-10-06T13:23:04","date_gmt":"2025-10-06T11:23:04","guid":{"rendered":"https:\/\/vs-haldenwang.de\/wordpress\/?p=1095"},"modified":"2025-10-06T13:23:04","modified_gmt":"2025-10-06T11:23:04","slug":"schuljahresanfang","status":"publish","type":"post","link":"https:\/\/vs-haldenwang.de\/wordpress\/2025\/10\/06\/schuljahresanfang\/","title":{"rendered":"Schuljahresanfang"},"content":{"rendered":"\n<p><strong>Endlich geht die Schule los!<\/strong><\/p>\n\n\n\n<p>Am ersten Schultag herrschte auf dem Pausenhof der Grundschule Haldenwang gespannte Aufregung. Bunte Schult\u00fcten, blitzende Augen und ein bisschen Lampenfieber \u2013 die neuen Erstkl\u00e4ssler wurden feierlich begr\u00fc\u00dft. Unser B\u00fcrgermeister Josef W\u00f6lfle lie\u00df es sich nicht nehmen, die frischgebackenen ABC-Sch\u00fctzen pers\u00f6nlich willkommen zu hei\u00dfen und w\u00fcnschte allen viel Freude beim Lernen. Auch der Schulleiter Herr Sturm und die Konrektorin Frau Schmid-Brunk hie\u00dfen alle G\u00e4ste herzlich willkommen und w\u00fcnschten unseren ABC-Sch\u00fctzen einen guten Schulstart. Unsere Elternbeiratsvorsitzende Frau Wilhelm und Frau Friedrich, die Leiterin der Mittagsbetreuung begr\u00fc\u00dften ebenfalls unsere G\u00e4ste.<\/p>\n\n\n\n<p>F\u00fcr den musikalischen Rahmen sorgte die Klasse 2b unter der Leitung von Frau Blind mit dem schwungvollen Lied \u201eGl\u00fccksgef\u00fchle\u201c, das nicht nur die Kinder zum Mitklatschen brachte, sondern auch die Erwachsenen daran erinnerte: Schule kann richtig Spa\u00df machen \u2013 Gl\u00fccksgef\u00fchle!<\/p>\n\n\n\n<p><strong>Mit 57 Erstkl\u00e4sslern &#8211; endlich komplett!<\/strong><\/p>\n\n\n\n<p>Eine kleine Pointe lieferte das Schuljahr schon vor dem Start: Eigentlich waren es 56 neue Sch\u00fclerinnen und Sch\u00fcler \u2013 bis sich am allerersten Ferientag pl\u00f6tzlich noch Nummer 57 anmeldete. Sozusagen ein \u201eLast-Minute-Sch\u00fcler\u201c, der es gerade noch rechtzeitig geschafft hat. Damit konnte die Schule drei komplette erste Klassen bilden.<\/p>\n\n\n\n<p><strong>Wir sagen Danke!<\/strong><\/p>\n\n\n\n<p>Unser herzliches Dankesch\u00f6n geht an die gro\u00dfz\u00fcgigen Unterst\u00fctzer unserer ABC-Sch\u00fctzen:<\/p>\n\n\n\n<ul class=\"wp-block-list\">\n<li>an die Gemeinde Haldenwang f\u00fcr die tollen Buntstifte,<\/li>\n\n\n\n<li>an die Firma Maha f\u00fcr die praktischen Stifteboxen<\/li>\n\n\n\n<li>an die Raiffeisenbank f\u00fcr die sch\u00f6nen \u201eLeuchtm\u00e4use\u201c,<\/li>\n\n\n\n<li>an den ZAK f\u00fcr die mit gesundem Pausenbrot gef\u00fcllten Brotdosen,<\/li>\n\n\n\n<li>an die Kreisverkehrswacht f\u00fcr die wichtigen Leuchttrapeze,<\/li>\n\n\n\n<li>und nat\u00fcrlich an die Buchhandlung Didactus in Kempten f\u00fcr die tollen Leset\u00fcten, die Lust auf Lesen machen.<\/li>\n<\/ul>\n\n\n\n<p><strong>Wir w\u00fcnschen allen Schulkindern einen fr\u00f6hlichen Start ins Abenteuer Schule \u2013 und den Lehrkr\u00e4ften viel Geduld und Humor.<\/strong><\/p>\n\n\n\n<p class=\"has-text-align-right\">von: Brigitte Schmid-Brunk<\/p>\n\n\n\n<figure class=\"wp-block-image size-large is-resized\"><a href=\"http:\/\/vs-haldenwang.de\/wordpress\/wp-content\/uploads\/2025\/10\/Schulanfang-scaled.jpg\"><img loading=\"lazy\" decoding=\"async\" width=\"768\" height=\"1024\" src=\"http:\/\/vs-haldenwang.de\/wordpress\/wp-content\/uploads\/2025\/10\/Schulanfang-768x1024.jpg\" alt=\"\" class=\"wp-image-1096\" style=\"width:575px;height:auto\" srcset=\"https:\/\/vs-haldenwang.de\/wordpress\/wp-content\/uploads\/2025\/10\/Schulanfang-768x1024.jpg 768w, https:\/\/vs-haldenwang.de\/wordpress\/wp-content\/uploads\/2025\/10\/Schulanfang-225x300.jpg 225w, https:\/\/vs-haldenwang.de\/wordpress\/wp-content\/uploads\/2025\/10\/Schulanfang-scaled.jpg 1920w\" sizes=\"auto, (max-width: 768px) 100vw, 768px\" \/><\/a><figcaption class=\"wp-element-caption\">Ein Blick in die Vergangenheit: Wer hier fr\u00fcher sa\u00df, bekam vielleicht Kreidestaub ab \u2013 unsere Erstkl\u00e4ssler starten mit Buntstiften, Brotzeitdose, Leset\u00fcte und viel Spa\u00df ins neue Abenteuer Schule.<\/figcaption><\/figure>\n","protected":false},"excerpt":{"rendered":"<p>Endlich geht die Schule los! Am ersten Schultag herrschte auf dem Pausenhof der Grundschule Haldenwang gespannte Aufregung. Bunte Schult\u00fcten, blitzende &hellip; <\/p>\n","protected":false},"author":4,"featured_media":0,"comment_status":"closed","ping_status":"open","sticky":false,"template":"","format":"standard","meta":{"footnotes":""},"categories":[10],"tags":[],"class_list":["post-1095","post","type-post","status-publish","format-standard","hentry","category-schuljahr-2025-26"],"_links":{"self":[{"href":"https:\/\/vs-haldenwang.de\/wordpress\/wp-json\/wp\/v2\/posts\/1095","targetHints":{"allow":["GET"]}}],"collection":[{"href":"https:\/\/vs-haldenwang.de\/wordpress\/wp-json\/wp\/v2\/posts"}],"about":[{"href":"https:\/\/vs-haldenwang.de\/wordpress\/wp-json\/wp\/v2\/types\/post"}],"author":[{"embeddable":true,"href":"https:\/\/vs-haldenwang.de\/wordpress\/wp-json\/wp\/v2\/users\/4"}],"replies":[{"embeddable":true,"href":"https:\/\/vs-haldenwang.de\/wordpress\/wp-json\/wp\/v2\/comments?post=1095"}],"version-history":[{"count":1,"href":"https:\/\/vs-haldenwang.de\/wordpress\/wp-json\/wp\/v2\/posts\/1095\/revisions"}],"predecessor-version":[{"id":1100,"href":"https:\/\/vs-haldenwang.de\/wordpress\/wp-json\/wp\/v2\/posts\/1095\/revisions\/1100"}],"wp:attachment":[{"href":"https:\/\/vs-haldenwang.de\/wordpress\/wp-json\/wp\/v2\/media?parent=1095"}],"wp:term":[{"taxonomy":"category","embeddable":true,"href":"https:\/\/vs-haldenwang.de\/wordpress\/wp-json\/wp\/v2\/categories?post=1095"},{"taxonomy":"post_tag","embeddable":true,"href":"https:\/\/vs-haldenwang.de\/wordpress\/wp-json\/wp\/v2\/tags?post=1095"}],"curies":[{"name":"wp","href":"https:\/\/api.w.org\/{rel}","templated":true}]}}