{"id":1126,"date":"2025-10-27T11:56:48","date_gmt":"2025-10-27T10:56:48","guid":{"rendered":"https:\/\/vs-haldenwang.de\/wordpress\/?p=1126"},"modified":"2025-10-27T11:56:48","modified_gmt":"2025-10-27T10:56:48","slug":"eine-rekordverdaechtige-saftaktion-an-der-haldenwanger-schule","status":"publish","type":"post","link":"https:\/\/vs-haldenwang.de\/wordpress\/2025\/10\/27\/eine-rekordverdaechtige-saftaktion-an-der-haldenwanger-schule\/","title":{"rendered":"Eine rekordverd\u00e4chtige Saftaktion an der Haldenwanger Schule"},"content":{"rendered":"\n<p>Gemeinsam mit dem Gartenbauverein starteten wir heuer wieder unser Apfelsaftprojekt. Jede Klasse beteiligte sich \u2013 vom ersten schnippelnden Griff zum Apfelsch\u00e4ler, \u00fcber das H\u00e4ckseln zu Apfelmaische bis hin zum gro\u00dfen Finale an der Apfelsaftpresse. Jeder probierte das s\u00fc\u00dfe Ergebnis gleich vor Ort und so mancher trug in seiner Trinkflasche noch eine gute Portion nach Hause. Unsere Aktion zeigte: Lernen schmeckt am besten, wenn es klebrig, s\u00fc\u00df und gemeinsam gemacht wird!<\/p>\n\n\n\n<p>Unser Dank gilt Christl H\u00fcbner und ihrem Team vom Gartenbauverein, die sich eine ganze Woche Zeit genommen haben, um unserer Schule dieses wunderbare Erlebnis zu erm\u00f6glichen. Ohne ihr Engagement w\u00e4re der Saft nur ein Traum geblieben.<\/p>\n\n\n\n<p class=\"has-text-align-right\">von: Brigitte Schmid-Brunk<\/p>\n\n\n\n<figure class=\"wp-block-image size-large is-resized\"><a href=\"http:\/\/vs-haldenwang.de\/wordpress\/wp-content\/uploads\/2025\/10\/Apfelsaftpressen-scaled.jpg\"><img loading=\"lazy\" decoding=\"async\" width=\"768\" height=\"1024\" src=\"http:\/\/vs-haldenwang.de\/wordpress\/wp-content\/uploads\/2025\/10\/Apfelsaftpressen-768x1024.jpg\" alt=\"\" class=\"wp-image-1127\" style=\"width:405px;height:auto\" srcset=\"https:\/\/vs-haldenwang.de\/wordpress\/wp-content\/uploads\/2025\/10\/Apfelsaftpressen-768x1024.jpg 768w, https:\/\/vs-haldenwang.de\/wordpress\/wp-content\/uploads\/2025\/10\/Apfelsaftpressen-225x300.jpg 225w, https:\/\/vs-haldenwang.de\/wordpress\/wp-content\/uploads\/2025\/10\/Apfelsaftpressen-scaled.jpg 1920w\" sizes=\"auto, (max-width: 768px) 100vw, 768px\" \/><\/a><\/figure>\n","protected":false},"excerpt":{"rendered":"<p>Gemeinsam mit dem Gartenbauverein starteten wir heuer wieder unser Apfelsaftprojekt. Jede Klasse beteiligte sich \u2013 vom ersten schnippelnden Griff zum &hellip; <\/p>\n","protected":false},"author":4,"featured_media":0,"comment_status":"closed","ping_status":"open","sticky":false,"template":"","format":"standard","meta":{"footnotes":""},"categories":[10],"tags":[],"class_list":["post-1126","post","type-post","status-publish","format-standard","hentry","category-schuljahr-2025-26"],"_links":{"self":[{"href":"https:\/\/vs-haldenwang.de\/wordpress\/wp-json\/wp\/v2\/posts\/1126","targetHints":{"allow":["GET"]}}],"collection":[{"href":"https:\/\/vs-haldenwang.de\/wordpress\/wp-json\/wp\/v2\/posts"}],"about":[{"href":"https:\/\/vs-haldenwang.de\/wordpress\/wp-json\/wp\/v2\/types\/post"}],"author":[{"embeddable":true,"href":"https:\/\/vs-haldenwang.de\/wordpress\/wp-json\/wp\/v2\/users\/4"}],"replies":[{"embeddable":true,"href":"https:\/\/vs-haldenwang.de\/wordpress\/wp-json\/wp\/v2\/comments?post=1126"}],"version-history":[{"count":1,"href":"https:\/\/vs-haldenwang.de\/wordpress\/wp-json\/wp\/v2\/posts\/1126\/revisions"}],"predecessor-version":[{"id":1129,"href":"https:\/\/vs-haldenwang.de\/wordpress\/wp-json\/wp\/v2\/posts\/1126\/revisions\/1129"}],"wp:attachment":[{"href":"https:\/\/vs-haldenwang.de\/wordpress\/wp-json\/wp\/v2\/media?parent=1126"}],"wp:term":[{"taxonomy":"category","embeddable":true,"href":"https:\/\/vs-haldenwang.de\/wordpress\/wp-json\/wp\/v2\/categories?post=1126"},{"taxonomy":"post_tag","embeddable":true,"href":"https:\/\/vs-haldenwang.de\/wordpress\/wp-json\/wp\/v2\/tags?post=1126"}],"curies":[{"name":"wp","href":"https:\/\/api.w.org\/{rel}","templated":true}]}}