{"id":1131,"date":"2025-11-10T10:29:14","date_gmt":"2025-11-10T09:29:14","guid":{"rendered":"https:\/\/vs-haldenwang.de\/wordpress\/?p=1131"},"modified":"2025-11-10T10:29:14","modified_gmt":"2025-11-10T09:29:14","slug":"wenn-das-einhorn-den-besitzer-wechselt-unser-schulflohmarkt-begeisterte-gross-und-klein","status":"publish","type":"post","link":"https:\/\/vs-haldenwang.de\/wordpress\/2025\/11\/10\/wenn-das-einhorn-den-besitzer-wechselt-unser-schulflohmarkt-begeisterte-gross-und-klein\/","title":{"rendered":"Wenn das Einhorn den Besitzer wechselt \u2013 unser Schulflohmarkt begeisterte Gro\u00df und Klein"},"content":{"rendered":"\n<p>Am letzten Schultag vor den Ferien herrschte traditionsgem\u00e4\u00df in unserer Schule reges Treiben: Unser <strong>Schulflohmarkt<\/strong> lockte wieder zahlreiche Besucherinnen und Besucher an. Zwischen Kinderb\u00fcchern, gut erhaltenem Spielzeug, gebastelten Kunstwerken und selbstgebackenen Leckereien wurde mit viel Begeisterung gehandelt, gelacht und genascht.<\/p>\n\n\n\n<p>Unsere jungen Verk\u00e4uferinnen und Verk\u00e4ufer zeigten dabei gro\u00dfes Engagement \u2013 auch wenn manche zwischendurch lieber selbst auf Einkaufstour gingen. Ein herzlicher Dank gilt deshalb allen Eltern und Gro\u00dfeltern, die ihre Kinder kurzfristig beim Verkauf vertraten oder beim h\u00e4uslichen Backen halfen. Ohne diese Unterst\u00fctzung w\u00e4re das fr\u00f6hliche Markttreiben in dieser Form nicht m\u00f6glich gewesen.<\/p>\n\n\n\n<p>So wurde der Flohmarkt erneut zu einem <strong>H\u00f6hepunkt des Schuljahres<\/strong> der einmal mehr zeigte, wie lebendig das Miteinander in unserer Schulgemeinschaft ist.<\/p>\n\n\n\n<p class=\"has-text-align-right\">von: Brigitte Schmid-Brunk<\/p>\n\n\n\n<figure class=\"wp-block-image size-large\"><a href=\"http:\/\/vs-haldenwang.de\/wordpress\/wp-content\/uploads\/2025\/11\/Flohmarkt-scaled.jpg\"><img loading=\"lazy\" decoding=\"async\" width=\"1024\" height=\"750\" src=\"http:\/\/vs-haldenwang.de\/wordpress\/wp-content\/uploads\/2025\/11\/Flohmarkt-1024x750.jpg\" alt=\"\" class=\"wp-image-1132\" srcset=\"https:\/\/vs-haldenwang.de\/wordpress\/wp-content\/uploads\/2025\/11\/Flohmarkt-1024x750.jpg 1024w, https:\/\/vs-haldenwang.de\/wordpress\/wp-content\/uploads\/2025\/11\/Flohmarkt-300x220.jpg 300w, https:\/\/vs-haldenwang.de\/wordpress\/wp-content\/uploads\/2025\/11\/Flohmarkt-768x563.jpg 768w, https:\/\/vs-haldenwang.de\/wordpress\/wp-content\/uploads\/2025\/11\/Flohmarkt-1536x1126.jpg 1536w, https:\/\/vs-haldenwang.de\/wordpress\/wp-content\/uploads\/2025\/11\/Flohmarkt-2048x1501.jpg 2048w\" sizes=\"auto, (max-width: 1024px) 100vw, 1024px\" \/><\/a><\/figure>\n","protected":false},"excerpt":{"rendered":"<p>Am letzten Schultag vor den Ferien herrschte traditionsgem\u00e4\u00df in unserer Schule reges Treiben: Unser Schulflohmarkt lockte wieder zahlreiche Besucherinnen und &hellip; <\/p>\n","protected":false},"author":4,"featured_media":0,"comment_status":"closed","ping_status":"open","sticky":false,"template":"","format":"standard","meta":{"footnotes":""},"categories":[10],"tags":[],"class_list":["post-1131","post","type-post","status-publish","format-standard","hentry","category-schuljahr-2025-26"],"_links":{"self":[{"href":"https:\/\/vs-haldenwang.de\/wordpress\/wp-json\/wp\/v2\/posts\/1131","targetHints":{"allow":["GET"]}}],"collection":[{"href":"https:\/\/vs-haldenwang.de\/wordpress\/wp-json\/wp\/v2\/posts"}],"about":[{"href":"https:\/\/vs-haldenwang.de\/wordpress\/wp-json\/wp\/v2\/types\/post"}],"author":[{"embeddable":true,"href":"https:\/\/vs-haldenwang.de\/wordpress\/wp-json\/wp\/v2\/users\/4"}],"replies":[{"embeddable":true,"href":"https:\/\/vs-haldenwang.de\/wordpress\/wp-json\/wp\/v2\/comments?post=1131"}],"version-history":[{"count":1,"href":"https:\/\/vs-haldenwang.de\/wordpress\/wp-json\/wp\/v2\/posts\/1131\/revisions"}],"predecessor-version":[{"id":1133,"href":"https:\/\/vs-haldenwang.de\/wordpress\/wp-json\/wp\/v2\/posts\/1131\/revisions\/1133"}],"wp:attachment":[{"href":"https:\/\/vs-haldenwang.de\/wordpress\/wp-json\/wp\/v2\/media?parent=1131"}],"wp:term":[{"taxonomy":"category","embeddable":true,"href":"https:\/\/vs-haldenwang.de\/wordpress\/wp-json\/wp\/v2\/categories?post=1131"},{"taxonomy":"post_tag","embeddable":true,"href":"https:\/\/vs-haldenwang.de\/wordpress\/wp-json\/wp\/v2\/tags?post=1131"}],"curies":[{"name":"wp","href":"https:\/\/api.w.org\/{rel}","templated":true}]}}