{"id":1138,"date":"2025-11-17T11:58:59","date_gmt":"2025-11-17T10:58:59","guid":{"rendered":"https:\/\/vs-haldenwang.de\/wordpress\/?p=1138"},"modified":"2025-11-17T11:58:59","modified_gmt":"2025-11-17T10:58:59","slug":"gans-grosses-martinsfest-an-der-grundschule-in-haldenwang","status":"publish","type":"post","link":"https:\/\/vs-haldenwang.de\/wordpress\/2025\/11\/17\/gans-grosses-martinsfest-an-der-grundschule-in-haldenwang\/","title":{"rendered":"\u201eGans\u201c gro\u00dfes Martinsfest an der Grundschule in Haldenwang"},"content":{"rendered":"\n<p>Am 11.11. fand unser traditioneller Martinsumzug statt. Nach dem gemeinsamen Singen bekannter Martinslieder h\u00f6rten die Kinder die Geschichte des heiligen Martin und zogen anschlie\u00dfend singend mit ihren bunten Laternen durchs Schulhaus.<\/p>\n\n\n\n<p>Ein besonderes Highlight war wieder das gemeinsame Teilen: F\u00fcr jede Klasse hatten engagierte Eltern eine gro\u00dfe Martinsgans gebacken, die in fr\u00f6hlicher Runde miteinander geteilt wurde. So wurde nicht nur die Legende vom heiligen Martin lebendig, sondern auch der Gedanke des Teilens und Miteinanders sp\u00fcrbar.<\/p>\n\n\n\n<p>Am Ende waren alle satt, zufrieden \u2013 und einig, dass Teilen sch\u00f6n ist, <strong>solange genug Gan<\/strong><strong>s<\/strong><strong> f\u00fcr alle da ist.<\/strong><strong><\/strong><\/p>\n\n\n\n<h3 class=\"wp-block-heading\"><strong>Ein \u201egans\u201c herzliches Dankesch\u00f6n allen B\u00e4ckerinnen und B\u00e4ckern f\u00fcr die leckeren G\u00e4nse!<\/strong><\/h3>\n\n\n\n<p class=\"has-text-align-right\">von: Brigitte Schmid-Brunk<\/p>\n\n\n\n<figure class=\"wp-block-image size-large\"><a href=\"http:\/\/vs-haldenwang.de\/wordpress\/wp-content\/uploads\/2025\/11\/Sankt-Martin-scaled.jpg\"><img loading=\"lazy\" decoding=\"async\" width=\"1024\" height=\"768\" src=\"http:\/\/vs-haldenwang.de\/wordpress\/wp-content\/uploads\/2025\/11\/Sankt-Martin-1024x768.jpg\" alt=\"\" class=\"wp-image-1139\" srcset=\"https:\/\/vs-haldenwang.de\/wordpress\/wp-content\/uploads\/2025\/11\/Sankt-Martin-1024x768.jpg 1024w, https:\/\/vs-haldenwang.de\/wordpress\/wp-content\/uploads\/2025\/11\/Sankt-Martin-300x225.jpg 300w, https:\/\/vs-haldenwang.de\/wordpress\/wp-content\/uploads\/2025\/11\/Sankt-Martin-768x576.jpg 768w, https:\/\/vs-haldenwang.de\/wordpress\/wp-content\/uploads\/2025\/11\/Sankt-Martin-1536x1152.jpg 1536w, https:\/\/vs-haldenwang.de\/wordpress\/wp-content\/uploads\/2025\/11\/Sankt-Martin-2048x1536.jpg 2048w\" sizes=\"auto, (max-width: 1024px) 100vw, 1024px\" \/><\/a><\/figure>\n","protected":false},"excerpt":{"rendered":"<p>Am 11.11. fand unser traditioneller Martinsumzug statt. Nach dem gemeinsamen Singen bekannter Martinslieder h\u00f6rten die Kinder die Geschichte des heiligen &hellip; <\/p>\n","protected":false},"author":4,"featured_media":0,"comment_status":"closed","ping_status":"open","sticky":false,"template":"","format":"standard","meta":{"footnotes":""},"categories":[10],"tags":[],"class_list":["post-1138","post","type-post","status-publish","format-standard","hentry","category-schuljahr-2025-26"],"_links":{"self":[{"href":"https:\/\/vs-haldenwang.de\/wordpress\/wp-json\/wp\/v2\/posts\/1138","targetHints":{"allow":["GET"]}}],"collection":[{"href":"https:\/\/vs-haldenwang.de\/wordpress\/wp-json\/wp\/v2\/posts"}],"about":[{"href":"https:\/\/vs-haldenwang.de\/wordpress\/wp-json\/wp\/v2\/types\/post"}],"author":[{"embeddable":true,"href":"https:\/\/vs-haldenwang.de\/wordpress\/wp-json\/wp\/v2\/users\/4"}],"replies":[{"embeddable":true,"href":"https:\/\/vs-haldenwang.de\/wordpress\/wp-json\/wp\/v2\/comments?post=1138"}],"version-history":[{"count":1,"href":"https:\/\/vs-haldenwang.de\/wordpress\/wp-json\/wp\/v2\/posts\/1138\/revisions"}],"predecessor-version":[{"id":1141,"href":"https:\/\/vs-haldenwang.de\/wordpress\/wp-json\/wp\/v2\/posts\/1138\/revisions\/1141"}],"wp:attachment":[{"href":"https:\/\/vs-haldenwang.de\/wordpress\/wp-json\/wp\/v2\/media?parent=1138"}],"wp:term":[{"taxonomy":"category","embeddable":true,"href":"https:\/\/vs-haldenwang.de\/wordpress\/wp-json\/wp\/v2\/categories?post=1138"},{"taxonomy":"post_tag","embeddable":true,"href":"https:\/\/vs-haldenwang.de\/wordpress\/wp-json\/wp\/v2\/tags?post=1138"}],"curies":[{"name":"wp","href":"https:\/\/api.w.org\/{rel}","templated":true}]}}