{"id":1150,"date":"2025-12-02T13:20:26","date_gmt":"2025-12-02T12:20:26","guid":{"rendered":"https:\/\/vs-haldenwang.de\/wordpress\/?p=1150"},"modified":"2025-12-02T13:20:26","modified_gmt":"2025-12-02T12:20:26","slug":"haldenwanger-grundschueler-packen-ueber-100-paeckchen-fuer-geschenk-mit-herz","status":"publish","type":"post","link":"https:\/\/vs-haldenwang.de\/wordpress\/2025\/12\/02\/haldenwanger-grundschueler-packen-ueber-100-paeckchen-fuer-geschenk-mit-herz\/","title":{"rendered":"Haldenwanger Grundsch\u00fcler packen \u00fcber 100 P\u00e4ckchen f\u00fcr \u201eGeschenk mit Herz\u201c"},"content":{"rendered":"\n<p>Auch in diesem Jahr zeigten unsere Schulkinder wieder ein gro\u00dfes Herz: \u00dcber <strong>100 liebevoll gef\u00fcllte P\u00e4ckchen<\/strong> wurden f\u00fcr die Aktion <strong>\u201eGeschenk mit Herz\u201c<\/strong> von <em>humedica e.V.<\/em> zusammengestellt \u2013 unterst\u00fctzt von <em>Sternstunden e.V.<\/em>.<\/p>\n\n\n\n<p>Von K\u00f6rperpflegeprodukten, Schulmaterial \u00fcber M\u00fctzen bis hin zu kleinen Kuscheltierchen und S\u00fc\u00dfigkeiten \u2013 gemeinsam mit ihren Eltern packten die Kinder farbenfrohe P\u00e4ckchen, die bed\u00fcrftigen M\u00e4dchen und Jungen eine besondere Freude bereiten sollen. Ein besonderes Highlight war die Ankunft des gro\u00dfen <strong><em>humedica-<\/em><\/strong>LKWs auf dem Schulhof. Jedes Kind durfte sein Geschenk pers\u00f6nlich abgeben \u2013 ein Moment, der f\u00fcr strahlende Gesichter und sp\u00fcrbaren Stolz sorgte.<\/p>\n\n\n\n<p><strong>Wir sagen ein herzliches Dankesch\u00f6n<\/strong><\/p>\n\n\n\n<p>allen Beteiligten f\u00fcr die tatkr\u00e4ftige Unterst\u00fctzung, die gro\u00dfz\u00fcgigen Spenden und das gemeinsame Engagement. Dank Ihnen und euch wird auch in diesem Jahr vielen Kindern eine unvergessliche Weihnachtsfreude bereitet.<\/p>\n\n\n\n<p><strong>Wussten Sie schon, <\/strong><strong>dass die Kinder unserer Schule zusammen \u00fcber 120 Meter Geschenkband verbraucht haben?<\/strong><br><em>Das reicht fast, um einmal um die Turnhalle zu wickeln!<\/em><\/p>\n\n\n\n<p class=\"has-text-align-right\">von: Brigitte Schmid-Brunk<\/p>\n","protected":false},"excerpt":{"rendered":"<p>Auch in diesem Jahr zeigten unsere Schulkinder wieder ein gro\u00dfes Herz: \u00dcber 100 liebevoll gef\u00fcllte P\u00e4ckchen wurden f\u00fcr die Aktion &hellip; <\/p>\n","protected":false},"author":4,"featured_media":0,"comment_status":"closed","ping_status":"open","sticky":false,"template":"","format":"standard","meta":{"footnotes":""},"categories":[10],"tags":[],"class_list":["post-1150","post","type-post","status-publish","format-standard","hentry","category-schuljahr-2025-26"],"_links":{"self":[{"href":"https:\/\/vs-haldenwang.de\/wordpress\/wp-json\/wp\/v2\/posts\/1150","targetHints":{"allow":["GET"]}}],"collection":[{"href":"https:\/\/vs-haldenwang.de\/wordpress\/wp-json\/wp\/v2\/posts"}],"about":[{"href":"https:\/\/vs-haldenwang.de\/wordpress\/wp-json\/wp\/v2\/types\/post"}],"author":[{"embeddable":true,"href":"https:\/\/vs-haldenwang.de\/wordpress\/wp-json\/wp\/v2\/users\/4"}],"replies":[{"embeddable":true,"href":"https:\/\/vs-haldenwang.de\/wordpress\/wp-json\/wp\/v2\/comments?post=1150"}],"version-history":[{"count":1,"href":"https:\/\/vs-haldenwang.de\/wordpress\/wp-json\/wp\/v2\/posts\/1150\/revisions"}],"predecessor-version":[{"id":1151,"href":"https:\/\/vs-haldenwang.de\/wordpress\/wp-json\/wp\/v2\/posts\/1150\/revisions\/1151"}],"wp:attachment":[{"href":"https:\/\/vs-haldenwang.de\/wordpress\/wp-json\/wp\/v2\/media?parent=1150"}],"wp:term":[{"taxonomy":"category","embeddable":true,"href":"https:\/\/vs-haldenwang.de\/wordpress\/wp-json\/wp\/v2\/categories?post=1150"},{"taxonomy":"post_tag","embeddable":true,"href":"https:\/\/vs-haldenwang.de\/wordpress\/wp-json\/wp\/v2\/tags?post=1150"}],"curies":[{"name":"wp","href":"https:\/\/api.w.org\/{rel}","templated":true}]}}