{"id":442,"date":"2022-07-13T12:48:31","date_gmt":"2022-07-13T10:48:31","guid":{"rendered":"http:\/\/vs-haldenwang.de\/wordpress\/?p=442"},"modified":"2022-07-14T10:10:12","modified_gmt":"2022-07-14T08:10:12","slug":"chorklassentreffen-2022-in-waal","status":"publish","type":"post","link":"https:\/\/vs-haldenwang.de\/wordpress\/2022\/07\/13\/chorklassentreffen-2022-in-waal\/","title":{"rendered":"Chorklassentreffen 2022 in Waal"},"content":{"rendered":"\n<p>Nachdem der Chorklassentag leider zweimal coronabedingt verschoben werden musste, war es am Freitag, 08.07. endlich so weit: Unsere Chorklasse 2b durfte dabei sein!<\/p>\n\n\n\n<p>Schon w\u00e4hrend der Fahrt nach Waal ert\u00f6nten im Bus die schw\u00e4bischen und bayerischen Lieder, die wir auch im Vorfeld in der Schule schon flei\u00dfig ge\u00fcbt hatten. Sp\u00e4ter durften wir dann, zusammen mit mehreren anderen Hundert Sch\u00fclerinnen und Sch\u00fclern aus insgesamt 21 Chorklassen aus dem Regierungsbezirk Schwaben beim Musikabenteuer \u201eDer Krautkraxler\u201c von Christiane Franke, im Festspielhaus mitsingen.<\/p>\n\n\n\n<p>Instrumental begleitet wurden wir mit Geige, Bratsche, und Cello von den \u201eNouWellCousines\u201c, und der Rundfunk-Moderator Johannes Hitzelberger las die spannende Geschichte vom Wortmonster dazu.<\/p>\n\n\n\n<p>Am Ende gab es tosenden Applaus und das Chorklassentreffen-Lied als Zugabe.<\/p>\n\n\n\n<p>F\u00fcr die Heimfahrt bekam jedes Kind dann noch als Belohnung und zur St\u00e4rkung eine leckere \u00dcberraschungs-Brotzeitt\u00fcte.<\/p>\n\n\n\n<p>Herzlichen Dank an den Chorverband Bayerisch-Schwaben f\u00fcr dieses wunderbare musikalische Highlight, f\u00fcr die gro\u00dfartige Organisation und f\u00fcr die \u00dcbernahme s\u00e4mtlicher Kosten.<\/p>\n\n\n\n<p>Es hat uns riesig Spa\u00df gemacht, und die Ohrw\u00fcrmer \u201ekrabbeln\u201c immer wieder mal noch in unseren K\u00f6pfen herum!<\/p>\n\n\n\n<figure class=\"wp-block-image size-large\"><a href=\"http:\/\/vs-haldenwang.de\/wordpress\/wp-content\/uploads\/2022\/07\/P1026844-Haldenwang.jpg\"><img loading=\"lazy\" decoding=\"async\" width=\"1024\" height=\"768\" src=\"http:\/\/vs-haldenwang.de\/wordpress\/wp-content\/uploads\/2022\/07\/P1026844-Haldenwang-1024x768.jpg\" alt=\"\" class=\"wp-image-445\" srcset=\"https:\/\/vs-haldenwang.de\/wordpress\/wp-content\/uploads\/2022\/07\/P1026844-Haldenwang-1024x768.jpg 1024w, https:\/\/vs-haldenwang.de\/wordpress\/wp-content\/uploads\/2022\/07\/P1026844-Haldenwang-300x225.jpg 300w, https:\/\/vs-haldenwang.de\/wordpress\/wp-content\/uploads\/2022\/07\/P1026844-Haldenwang-768x576.jpg 768w, https:\/\/vs-haldenwang.de\/wordpress\/wp-content\/uploads\/2022\/07\/P1026844-Haldenwang-1536x1152.jpg 1536w, https:\/\/vs-haldenwang.de\/wordpress\/wp-content\/uploads\/2022\/07\/P1026844-Haldenwang.jpg 1980w\" sizes=\"auto, (max-width: 1024px) 100vw, 1024px\" \/><\/a><\/figure>\n","protected":false},"excerpt":{"rendered":"<p>Nachdem der Chorklassentag leider zweimal coronabedingt verschoben werden musste, war es am Freitag, 08.07. endlich so weit: Unsere Chorklasse 2b &hellip; <\/p>\n","protected":false},"author":4,"featured_media":0,"comment_status":"closed","ping_status":"open","sticky":false,"template":"","format":"standard","meta":{"footnotes":""},"categories":[3],"tags":[],"class_list":["post-442","post","type-post","status-publish","format-standard","hentry","category-schuljahr-2021_22"],"_links":{"self":[{"href":"https:\/\/vs-haldenwang.de\/wordpress\/wp-json\/wp\/v2\/posts\/442","targetHints":{"allow":["GET"]}}],"collection":[{"href":"https:\/\/vs-haldenwang.de\/wordpress\/wp-json\/wp\/v2\/posts"}],"about":[{"href":"https:\/\/vs-haldenwang.de\/wordpress\/wp-json\/wp\/v2\/types\/post"}],"author":[{"embeddable":true,"href":"https:\/\/vs-haldenwang.de\/wordpress\/wp-json\/wp\/v2\/users\/4"}],"replies":[{"embeddable":true,"href":"https:\/\/vs-haldenwang.de\/wordpress\/wp-json\/wp\/v2\/comments?post=442"}],"version-history":[{"count":2,"href":"https:\/\/vs-haldenwang.de\/wordpress\/wp-json\/wp\/v2\/posts\/442\/revisions"}],"predecessor-version":[{"id":446,"href":"https:\/\/vs-haldenwang.de\/wordpress\/wp-json\/wp\/v2\/posts\/442\/revisions\/446"}],"wp:attachment":[{"href":"https:\/\/vs-haldenwang.de\/wordpress\/wp-json\/wp\/v2\/media?parent=442"}],"wp:term":[{"taxonomy":"category","embeddable":true,"href":"https:\/\/vs-haldenwang.de\/wordpress\/wp-json\/wp\/v2\/categories?post=442"},{"taxonomy":"post_tag","embeddable":true,"href":"https:\/\/vs-haldenwang.de\/wordpress\/wp-json\/wp\/v2\/tags?post=442"}],"curies":[{"name":"wp","href":"https:\/\/api.w.org\/{rel}","templated":true}]}}