{"id":537,"date":"2022-09-19T13:16:25","date_gmt":"2022-09-19T11:16:25","guid":{"rendered":"http:\/\/vs-haldenwang.de\/wordpress\/?p=537"},"modified":"2022-09-19T13:16:25","modified_gmt":"2022-09-19T11:16:25","slug":"sommer-sommerhitze-sommerfest","status":"publish","type":"post","link":"https:\/\/vs-haldenwang.de\/wordpress\/2022\/09\/19\/sommer-sommerhitze-sommerfest\/","title":{"rendered":"Sommer &#8211; Sommerhitze &#8211; Sommerfest"},"content":{"rendered":"\n<p>Bei hochsommerlichen Temperaturen feierten wir zum Abschluss des Schuljahres ein tolles Schulfest.<\/p>\n\n\n\n<p>In enger Zusammenarbeit mit den Eltern konnten wir unseren Schulkindern ein vielf\u00e4ltiges, abwechslungsreiches Angebot bieten: Kinderschminken und Frisuren flechten, ein Schokokusskatapult bauen, Dosen werfen, tanzen, Badesalz herstellen, D\u00fcfte testen und raten, Riechd\u00f6schen basteln, Dinge tasten, Papierflieger falten, Buttons herstellen, Schl\u00fcsselanh\u00e4nger kn\u00fcpfen, in der Turnhalle auf B\u00fcffeljagd gehen und Stofftaschen bedrucken.<\/p>\n\n\n\n<p>Die K\u00fcnstlerin Dorothea Klug-Fa\u00dflrinner kreierte daf\u00fcr eigens ein au\u00dfergew\u00f6hnlich sch\u00f6nes und individuelles Schullogo f\u00fcr unsere Schule.<\/p>\n\n\n\n<p>Unser Elternbeirat organisierte zusammen mit vielen flei\u00dfigen Kuchenb\u00e4cker*innen ein schmackhaftes Buffet.<\/p>\n\n\n\n<p><strong>Wir sagen Danke<\/strong><\/p>\n\n\n\n<p>Wir m\u00f6chten uns ganz herzlich bei allen bedanken, die mithalfen, dass dieses sch\u00f6ne Fest stattfinden konnte:<\/p>\n\n\n\n<p>Bei den vielen flei\u00dfigen Eltern, dem Elternbeirat, unserem Hausmeister, dem Bauhof, der Firma Primavera und bei der Zimmerei Simon Dirr, der uns kostenlos das gesamte Holz f\u00fcr die Katapulte zur Verf\u00fcgung stellte.<\/p>\n\n\n\n<p>Den Erl\u00f6s unseres Schulfestes spenden wir an die Organisation \u201eUnser Allg\u00e4u hilft! \u2013 Stand with Ukraine\u201c.<\/p>\n\n\n\n<figure class=\"wp-block-image size-large\"><a href=\"http:\/\/vs-haldenwang.de\/wordpress\/wp-content\/uploads\/2022\/09\/2022-07-22-Schulfest-scaled.jpg\"><img loading=\"lazy\" decoding=\"async\" width=\"576\" height=\"1024\" src=\"http:\/\/vs-haldenwang.de\/wordpress\/wp-content\/uploads\/2022\/09\/2022-07-22-Schulfest-576x1024.jpg\" alt=\"\" class=\"wp-image-538\" srcset=\"https:\/\/vs-haldenwang.de\/wordpress\/wp-content\/uploads\/2022\/09\/2022-07-22-Schulfest-576x1024.jpg 576w, https:\/\/vs-haldenwang.de\/wordpress\/wp-content\/uploads\/2022\/09\/2022-07-22-Schulfest-169x300.jpg 169w, https:\/\/vs-haldenwang.de\/wordpress\/wp-content\/uploads\/2022\/09\/2022-07-22-Schulfest-768x1365.jpg 768w, https:\/\/vs-haldenwang.de\/wordpress\/wp-content\/uploads\/2022\/09\/2022-07-22-Schulfest-864x1536.jpg 864w, https:\/\/vs-haldenwang.de\/wordpress\/wp-content\/uploads\/2022\/09\/2022-07-22-Schulfest-1152x2048.jpg 1152w, https:\/\/vs-haldenwang.de\/wordpress\/wp-content\/uploads\/2022\/09\/2022-07-22-Schulfest-scaled.jpg 1440w\" sizes=\"auto, (max-width: 576px) 100vw, 576px\" \/><\/a><\/figure>\n","protected":false},"excerpt":{"rendered":"<p>Bei hochsommerlichen Temperaturen feierten wir zum Abschluss des Schuljahres ein tolles Schulfest. In enger Zusammenarbeit mit den Eltern konnten wir &hellip; <\/p>\n","protected":false},"author":4,"featured_media":0,"comment_status":"closed","ping_status":"open","sticky":false,"template":"","format":"standard","meta":{"footnotes":""},"categories":[3],"tags":[],"class_list":["post-537","post","type-post","status-publish","format-standard","hentry","category-schuljahr-2021_22"],"_links":{"self":[{"href":"https:\/\/vs-haldenwang.de\/wordpress\/wp-json\/wp\/v2\/posts\/537","targetHints":{"allow":["GET"]}}],"collection":[{"href":"https:\/\/vs-haldenwang.de\/wordpress\/wp-json\/wp\/v2\/posts"}],"about":[{"href":"https:\/\/vs-haldenwang.de\/wordpress\/wp-json\/wp\/v2\/types\/post"}],"author":[{"embeddable":true,"href":"https:\/\/vs-haldenwang.de\/wordpress\/wp-json\/wp\/v2\/users\/4"}],"replies":[{"embeddable":true,"href":"https:\/\/vs-haldenwang.de\/wordpress\/wp-json\/wp\/v2\/comments?post=537"}],"version-history":[{"count":1,"href":"https:\/\/vs-haldenwang.de\/wordpress\/wp-json\/wp\/v2\/posts\/537\/revisions"}],"predecessor-version":[{"id":539,"href":"https:\/\/vs-haldenwang.de\/wordpress\/wp-json\/wp\/v2\/posts\/537\/revisions\/539"}],"wp:attachment":[{"href":"https:\/\/vs-haldenwang.de\/wordpress\/wp-json\/wp\/v2\/media?parent=537"}],"wp:term":[{"taxonomy":"category","embeddable":true,"href":"https:\/\/vs-haldenwang.de\/wordpress\/wp-json\/wp\/v2\/categories?post=537"},{"taxonomy":"post_tag","embeddable":true,"href":"https:\/\/vs-haldenwang.de\/wordpress\/wp-json\/wp\/v2\/tags?post=537"}],"curies":[{"name":"wp","href":"https:\/\/api.w.org\/{rel}","templated":true}]}}