{"id":540,"date":"2022-09-19T13:17:38","date_gmt":"2022-09-19T11:17:38","guid":{"rendered":"http:\/\/vs-haldenwang.de\/wordpress\/?p=540"},"modified":"2022-09-19T13:17:38","modified_gmt":"2022-09-19T11:17:38","slug":"malwettbewerb-unser-dorf","status":"publish","type":"post","link":"https:\/\/vs-haldenwang.de\/wordpress\/2022\/09\/19\/malwettbewerb-unser-dorf\/","title":{"rendered":"Malwettbewerb \u201eUnser Dorf\u201c"},"content":{"rendered":"\n<p>Im Juli nahmen alle Kinder unserer Schule an dem vom Kulturkreis Haldenwang ausgeschriebenen Malwettbewerb mit dem Thema \u201eUnser Dorf\u201c teil.<\/p>\n\n\n\n<p>Unsere Schulkinder malten zu diesem Thema ganz unterschiedliche Bilder und Eindr\u00fccke, die ihnen in unserem Dorf pers\u00f6nlich wichtig sind: unser Haldenwanger Schwimmbad, ein Fu\u00dfballturnier auf dem Sportplatz, unsere Kirche, den Maibaum, K\u00fche auf der Weide, nat\u00fcrlich unsere Schule und noch Vieles mehr.<\/p>\n\n\n\n<p>Frau Knier und Frau Greif vom Kulturkreis brachten zur gro\u00dfen Preisverleihung Sachpreise f\u00fcr die Klassensieger mit und spendierten allen Schulkindern zur Anerkennung f\u00fcr die vielen tollen Bildern ein Eis.<\/p>\n\n\n\n<p>Als Dankesch\u00f6n gab es tosenden Applaus!<\/p>\n","protected":false},"excerpt":{"rendered":"<p>Im Juli nahmen alle Kinder unserer Schule an dem vom Kulturkreis Haldenwang ausgeschriebenen Malwettbewerb mit dem Thema \u201eUnser Dorf\u201c teil. &hellip; <\/p>\n","protected":false},"author":4,"featured_media":0,"comment_status":"closed","ping_status":"open","sticky":false,"template":"","format":"standard","meta":{"footnotes":""},"categories":[3],"tags":[],"class_list":["post-540","post","type-post","status-publish","format-standard","hentry","category-schuljahr-2021_22"],"_links":{"self":[{"href":"https:\/\/vs-haldenwang.de\/wordpress\/wp-json\/wp\/v2\/posts\/540","targetHints":{"allow":["GET"]}}],"collection":[{"href":"https:\/\/vs-haldenwang.de\/wordpress\/wp-json\/wp\/v2\/posts"}],"about":[{"href":"https:\/\/vs-haldenwang.de\/wordpress\/wp-json\/wp\/v2\/types\/post"}],"author":[{"embeddable":true,"href":"https:\/\/vs-haldenwang.de\/wordpress\/wp-json\/wp\/v2\/users\/4"}],"replies":[{"embeddable":true,"href":"https:\/\/vs-haldenwang.de\/wordpress\/wp-json\/wp\/v2\/comments?post=540"}],"version-history":[{"count":1,"href":"https:\/\/vs-haldenwang.de\/wordpress\/wp-json\/wp\/v2\/posts\/540\/revisions"}],"predecessor-version":[{"id":541,"href":"https:\/\/vs-haldenwang.de\/wordpress\/wp-json\/wp\/v2\/posts\/540\/revisions\/541"}],"wp:attachment":[{"href":"https:\/\/vs-haldenwang.de\/wordpress\/wp-json\/wp\/v2\/media?parent=540"}],"wp:term":[{"taxonomy":"category","embeddable":true,"href":"https:\/\/vs-haldenwang.de\/wordpress\/wp-json\/wp\/v2\/categories?post=540"},{"taxonomy":"post_tag","embeddable":true,"href":"https:\/\/vs-haldenwang.de\/wordpress\/wp-json\/wp\/v2\/tags?post=540"}],"curies":[{"name":"wp","href":"https:\/\/api.w.org\/{rel}","templated":true}]}}