{"id":644,"date":"2023-03-09T12:26:05","date_gmt":"2023-03-09T11:26:05","guid":{"rendered":"http:\/\/vs-haldenwang.de\/wordpress\/?p=644"},"modified":"2023-03-09T12:26:05","modified_gmt":"2023-03-09T11:26:05","slug":"sozialkompetenztraining-gut-drauf-gut-dran","status":"publish","type":"post","link":"https:\/\/vs-haldenwang.de\/wordpress\/2023\/03\/09\/sozialkompetenztraining-gut-drauf-gut-dran\/","title":{"rendered":"Sozialkompetenztraining \u2013 \u201eGut drauf \u2013 gut dran\u201c"},"content":{"rendered":"\n<p>Zum ersten Mal fand mit Beginn des Schuljahres das Sozialkompetenztraining (SKT) mit einer Gruppe aus Dritt- und Viertkl\u00e4sslern, statt. Im w\u00f6chentlichen Rhythmus arbeiteten die SuS mit dem Schulsozialp\u00e4dagogen Daniel Sommer an ihren sozialen Kompetenzen. Dabei stand auch die Weiterentwicklung der eigenen Pers\u00f6nlichkeit im Vordergrund. Mit dem Training lernten die SuS u. a. ihr Verhalten zu reflektieren und entwickelten neue Handlungsalternativen, die sie in der Gruppe ausprobierten, um sie in ihren Schul- und Lebensalltag zu integrieren.<\/p>\n\n\n\n<p>Spielerisch besch\u00e4ftigte sich die Gruppe mit den Themen:<\/p>\n\n\n\n<ul class=\"wp-block-list\"><li>Regeln des Miteinanders und Zusammenarbeit<\/li><li>Eigene Meinung bilden und fair \u00e4u\u00dfern<\/li><li>Gef\u00fchle wahrnehmen und ausdr\u00fccken<\/li><li>Eigene Grenzen sp\u00fcren und setzen<\/li><li>Umgang mit Konflikten uvm.<\/li><\/ul>\n\n\n\n<p>Dar\u00fcber hinaus entwickelte jedes Kind ein pers\u00f6nliches Ziel, an dem es in dieser Zeit erfolgreich arbeitete. Ab M\u00e4rz 2023 geht das SKT in die zweite Runde und damit hei\u00dft es auch f\u00fcr die neue Gruppe \u201eGut drauf \u2013 <em>GUT DRAN<\/em>!\u201c.<\/p>\n\n\n\n<p><\/p>\n\n\n\n<figure class=\"wp-block-image size-large is-resized\"><a href=\"http:\/\/vs-haldenwang.de\/wordpress\/wp-content\/uploads\/2023\/03\/Grenze-setzen-scaled.jpg\"><img loading=\"lazy\" decoding=\"async\" src=\"http:\/\/vs-haldenwang.de\/wordpress\/wp-content\/uploads\/2023\/03\/Grenze-setzen-1024x768.jpg\" alt=\"\" class=\"wp-image-645\" width=\"447\" height=\"335\" srcset=\"https:\/\/vs-haldenwang.de\/wordpress\/wp-content\/uploads\/2023\/03\/Grenze-setzen-1024x768.jpg 1024w, https:\/\/vs-haldenwang.de\/wordpress\/wp-content\/uploads\/2023\/03\/Grenze-setzen-300x225.jpg 300w, https:\/\/vs-haldenwang.de\/wordpress\/wp-content\/uploads\/2023\/03\/Grenze-setzen-768x576.jpg 768w, https:\/\/vs-haldenwang.de\/wordpress\/wp-content\/uploads\/2023\/03\/Grenze-setzen-1536x1152.jpg 1536w, https:\/\/vs-haldenwang.de\/wordpress\/wp-content\/uploads\/2023\/03\/Grenze-setzen-2048x1536.jpg 2048w\" sizes=\"auto, (max-width: 447px) 100vw, 447px\" \/><\/a><figcaption>Wo liegt meine Grenze?<\/figcaption><\/figure>\n\n\n\n<p><\/p>\n","protected":false},"excerpt":{"rendered":"<p>Zum ersten Mal fand mit Beginn des Schuljahres das Sozialkompetenztraining (SKT) mit einer Gruppe aus Dritt- und Viertkl\u00e4sslern, statt. Im &hellip; <\/p>\n","protected":false},"author":4,"featured_media":0,"comment_status":"closed","ping_status":"open","sticky":false,"template":"","format":"standard","meta":{"footnotes":""},"categories":[6],"tags":[],"class_list":["post-644","post","type-post","status-publish","format-standard","hentry","category-schuljahr-2022-23"],"_links":{"self":[{"href":"https:\/\/vs-haldenwang.de\/wordpress\/wp-json\/wp\/v2\/posts\/644","targetHints":{"allow":["GET"]}}],"collection":[{"href":"https:\/\/vs-haldenwang.de\/wordpress\/wp-json\/wp\/v2\/posts"}],"about":[{"href":"https:\/\/vs-haldenwang.de\/wordpress\/wp-json\/wp\/v2\/types\/post"}],"author":[{"embeddable":true,"href":"https:\/\/vs-haldenwang.de\/wordpress\/wp-json\/wp\/v2\/users\/4"}],"replies":[{"embeddable":true,"href":"https:\/\/vs-haldenwang.de\/wordpress\/wp-json\/wp\/v2\/comments?post=644"}],"version-history":[{"count":1,"href":"https:\/\/vs-haldenwang.de\/wordpress\/wp-json\/wp\/v2\/posts\/644\/revisions"}],"predecessor-version":[{"id":646,"href":"https:\/\/vs-haldenwang.de\/wordpress\/wp-json\/wp\/v2\/posts\/644\/revisions\/646"}],"wp:attachment":[{"href":"https:\/\/vs-haldenwang.de\/wordpress\/wp-json\/wp\/v2\/media?parent=644"}],"wp:term":[{"taxonomy":"category","embeddable":true,"href":"https:\/\/vs-haldenwang.de\/wordpress\/wp-json\/wp\/v2\/categories?post=644"},{"taxonomy":"post_tag","embeddable":true,"href":"https:\/\/vs-haldenwang.de\/wordpress\/wp-json\/wp\/v2\/tags?post=644"}],"curies":[{"name":"wp","href":"https:\/\/api.w.org\/{rel}","templated":true}]}}