{"id":697,"date":"2023-07-03T12:24:59","date_gmt":"2023-07-03T10:24:59","guid":{"rendered":"http:\/\/vs-haldenwang.de\/wordpress\/?p=697"},"modified":"2023-07-03T12:24:59","modified_gmt":"2023-07-03T10:24:59","slug":"instrumenten-vorstellung-in-der-grundschule","status":"publish","type":"post","link":"https:\/\/vs-haldenwang.de\/wordpress\/2023\/07\/03\/instrumenten-vorstellung-in-der-grundschule\/","title":{"rendered":"Instrumenten-Vorstellung in der Grundschule"},"content":{"rendered":"\n<p>Am letzten Schultag vor den Pfingstferien bekamen die 3. und 4. Klassen der Grundschule Haldenwang ganz besonderen Besuch. Sechs Mitglieder der Musikkapelle Haldenwang stellten ihre Blasinstrumente in den Klassen vorstellten. Von der Querfl\u00f6te, \u00fcber die Klarinette bis zur Tuba war alles dabei. Unsere Schulkinder h\u00f6rten auf jedem Instrument einem St\u00e4ndchen zu und erfuhren viel Interessantes zu den unterschiedlichen Instrumenten. Und dann hie\u00df es nat\u00fcrlich: ausprobieren! Es war gar nicht so leicht, den einzelnen Instrumenten einen Ton zu entlocken- aber es ist trotzdem vielen Kindern gelungen.<\/p>\n\n\n\n<p>Wir bedanken uns recht herzlich f\u00fcr diese ganz besondere Musikstunde. Und vielleicht ist ja bei dem ein oder anderen Kind das Interesse f\u00fcr ein neues Instrument geweckt!<\/p>\n","protected":false},"excerpt":{"rendered":"<p>Am letzten Schultag vor den Pfingstferien bekamen die 3. und 4. Klassen der Grundschule Haldenwang ganz besonderen Besuch. Sechs Mitglieder &hellip; <\/p>\n","protected":false},"author":4,"featured_media":0,"comment_status":"closed","ping_status":"closed","sticky":false,"template":"","format":"standard","meta":{"footnotes":""},"categories":[6],"tags":[],"class_list":["post-697","post","type-post","status-publish","format-standard","hentry","category-schuljahr-2022-23"],"_links":{"self":[{"href":"https:\/\/vs-haldenwang.de\/wordpress\/wp-json\/wp\/v2\/posts\/697","targetHints":{"allow":["GET"]}}],"collection":[{"href":"https:\/\/vs-haldenwang.de\/wordpress\/wp-json\/wp\/v2\/posts"}],"about":[{"href":"https:\/\/vs-haldenwang.de\/wordpress\/wp-json\/wp\/v2\/types\/post"}],"author":[{"embeddable":true,"href":"https:\/\/vs-haldenwang.de\/wordpress\/wp-json\/wp\/v2\/users\/4"}],"replies":[{"embeddable":true,"href":"https:\/\/vs-haldenwang.de\/wordpress\/wp-json\/wp\/v2\/comments?post=697"}],"version-history":[{"count":1,"href":"https:\/\/vs-haldenwang.de\/wordpress\/wp-json\/wp\/v2\/posts\/697\/revisions"}],"predecessor-version":[{"id":698,"href":"https:\/\/vs-haldenwang.de\/wordpress\/wp-json\/wp\/v2\/posts\/697\/revisions\/698"}],"wp:attachment":[{"href":"https:\/\/vs-haldenwang.de\/wordpress\/wp-json\/wp\/v2\/media?parent=697"}],"wp:term":[{"taxonomy":"category","embeddable":true,"href":"https:\/\/vs-haldenwang.de\/wordpress\/wp-json\/wp\/v2\/categories?post=697"},{"taxonomy":"post_tag","embeddable":true,"href":"https:\/\/vs-haldenwang.de\/wordpress\/wp-json\/wp\/v2\/tags?post=697"}],"curies":[{"name":"wp","href":"https:\/\/api.w.org\/{rel}","templated":true}]}}