{"id":699,"date":"2023-07-03T12:26:37","date_gmt":"2023-07-03T10:26:37","guid":{"rendered":"http:\/\/vs-haldenwang.de\/wordpress\/?p=699"},"modified":"2023-07-03T12:26:37","modified_gmt":"2023-07-03T10:26:37","slug":"auf-die-kunst-fertig-los","status":"publish","type":"post","link":"https:\/\/vs-haldenwang.de\/wordpress\/2023\/07\/03\/auf-die-kunst-fertig-los\/","title":{"rendered":"Auf die Kunst! Fertig! Los!"},"content":{"rendered":"\n<p>Unter diesem Motto st\u00fcrzten wir Schulkinder von der GS Haldenwang uns am Dienstag, 20.06. mit Feuereifer auf das gemeinsame Schaffen und Gestalten von Kunstwerken. Einen ganzen Vormittag lang konnten wir K\u00fcnstler und K\u00fcnstlerinnen uns in verschiedensten Kursen kreativ und mit viel Zeit einem Thema widmen. Die Ergebnisse waren gro\u00dfartig! Und so pr\u00e4sentierten wir den vielen Eltern und Gro\u00dfeltern unsere beeindruckenden Kunstwerke im Rahmen einer gro\u00dfen Kunstausstellung. Sogar unsere B\u00fcrgermeister Herr W\u00f6lfle und Herr Amann, die unsere Ausstellung besuchten, bestaunten unsere Kunstwerke. Nat\u00fcrlich waren auch wir sehr gespannt, was die anderen in ihren Kursen geschaffen haben. Mit einer spannenden K\u00fcnstlerrallye konnten wir alle Kunstwerke unserer Mitsch\u00fcler genau anschauen und haben richtig gestaunt: <strong>Was wir alles k\u00f6nnen!<\/strong><\/p>\n\n\n\n<p>Wir m\u00f6chten bei allen ehrenamtlichen Helfern und dem Team des Gartenbauvereins unter der Leitung von Frau Christl H\u00fcbner ganz herzlich bedanken, ebenso beim Elternbeirat und den Eltern der 4. Klassen, die f\u00fcr unser leibliches Wohl sorgten.<\/p>\n\n\n\n<p>\u00a0\u00a0\u00a0\u00a0\u00a0\u00a0\u00a0\u00a0\u00a0\u00a0\u00a0\u00a0\u00a0\u00a0\u00a0\u00a0\u00a0\u00a0\u00a0\u00a0\u00a0\u00a0\u00a0\u00a0\u00a0\u00a0\u00a0\u00a0\u00a0\u00a0\u00a0\u00a0\u00a0\u00a0\u00a0\u00a0\u00a0\u00a0\u00a0\u00a0\u00a0\u00a0\u00a0\u00a0\u00a0\u00a0\u00a0\u00a0\u00a0\u00a0\u00a0\u00a0\u00a0\u00a0\u00a0\u00a0\u00a0\u00a0\u00a0\u00a0\u00a0\u00a0\u00a0\u00a0\u00a0\u00a0\u00a0\u00a0\u00a0\u00a0\u00a0\u00a0\u00a0\u00a0\u00a0\u00a0\u00a0\u00a0\u00a0\u00a0\u00a0\u00a0\u00a0\u00a0\u00a0\u00a0\u00a0\u00a0\u00a0\u00a0\u00a0\u00a0\u00a0\u00a0 Eure Grundschulkinder<\/p>\n\n\n\n<figure class=\"wp-block-image size-large\"><a href=\"http:\/\/vs-haldenwang.de\/wordpress\/wp-content\/uploads\/2023\/07\/Kunsttag-scaled.jpg\"><img loading=\"lazy\" decoding=\"async\" width=\"1024\" height=\"576\" src=\"http:\/\/vs-haldenwang.de\/wordpress\/wp-content\/uploads\/2023\/07\/Kunsttag-1024x576.jpg\" alt=\"\" class=\"wp-image-700\" srcset=\"https:\/\/vs-haldenwang.de\/wordpress\/wp-content\/uploads\/2023\/07\/Kunsttag-1024x576.jpg 1024w, https:\/\/vs-haldenwang.de\/wordpress\/wp-content\/uploads\/2023\/07\/Kunsttag-300x169.jpg 300w, https:\/\/vs-haldenwang.de\/wordpress\/wp-content\/uploads\/2023\/07\/Kunsttag-768x432.jpg 768w, https:\/\/vs-haldenwang.de\/wordpress\/wp-content\/uploads\/2023\/07\/Kunsttag-1536x864.jpg 1536w, https:\/\/vs-haldenwang.de\/wordpress\/wp-content\/uploads\/2023\/07\/Kunsttag-2048x1152.jpg 2048w\" sizes=\"auto, (max-width: 1024px) 100vw, 1024px\" \/><\/a><\/figure>\n","protected":false},"excerpt":{"rendered":"<p>Unter diesem Motto st\u00fcrzten wir Schulkinder von der GS Haldenwang uns am Dienstag, 20.06. mit Feuereifer auf das gemeinsame Schaffen &hellip; <\/p>\n","protected":false},"author":4,"featured_media":0,"comment_status":"closed","ping_status":"closed","sticky":false,"template":"","format":"standard","meta":{"footnotes":""},"categories":[6],"tags":[],"class_list":["post-699","post","type-post","status-publish","format-standard","hentry","category-schuljahr-2022-23"],"_links":{"self":[{"href":"https:\/\/vs-haldenwang.de\/wordpress\/wp-json\/wp\/v2\/posts\/699","targetHints":{"allow":["GET"]}}],"collection":[{"href":"https:\/\/vs-haldenwang.de\/wordpress\/wp-json\/wp\/v2\/posts"}],"about":[{"href":"https:\/\/vs-haldenwang.de\/wordpress\/wp-json\/wp\/v2\/types\/post"}],"author":[{"embeddable":true,"href":"https:\/\/vs-haldenwang.de\/wordpress\/wp-json\/wp\/v2\/users\/4"}],"replies":[{"embeddable":true,"href":"https:\/\/vs-haldenwang.de\/wordpress\/wp-json\/wp\/v2\/comments?post=699"}],"version-history":[{"count":1,"href":"https:\/\/vs-haldenwang.de\/wordpress\/wp-json\/wp\/v2\/posts\/699\/revisions"}],"predecessor-version":[{"id":701,"href":"https:\/\/vs-haldenwang.de\/wordpress\/wp-json\/wp\/v2\/posts\/699\/revisions\/701"}],"wp:attachment":[{"href":"https:\/\/vs-haldenwang.de\/wordpress\/wp-json\/wp\/v2\/media?parent=699"}],"wp:term":[{"taxonomy":"category","embeddable":true,"href":"https:\/\/vs-haldenwang.de\/wordpress\/wp-json\/wp\/v2\/categories?post=699"},{"taxonomy":"post_tag","embeddable":true,"href":"https:\/\/vs-haldenwang.de\/wordpress\/wp-json\/wp\/v2\/tags?post=699"}],"curies":[{"name":"wp","href":"https:\/\/api.w.org\/{rel}","templated":true}]}}