{"id":778,"date":"2023-12-05T12:52:41","date_gmt":"2023-12-05T11:52:41","guid":{"rendered":"http:\/\/vs-haldenwang.de\/wordpress\/?p=778"},"modified":"2023-12-05T12:52:41","modified_gmt":"2023-12-05T11:52:41","slug":"heimathaus-boerwang-oeffnet-fuer-haldenwanger-lehrkraefte","status":"publish","type":"post","link":"https:\/\/vs-haldenwang.de\/wordpress\/2023\/12\/05\/heimathaus-boerwang-oeffnet-fuer-haldenwanger-lehrkraefte\/","title":{"rendered":"Heimathaus B\u00f6rwang \u00f6ffnet f\u00fcr Haldenwanger Lehrkr\u00e4fte"},"content":{"rendered":"\n<p>Geschichte und Natur erfahren und erleben, das durften die Lehrkr\u00e4fte im Rahmen einer Fortbildung im Heimathaus B\u00f6rwang.<\/p>\n\n\n\n<p>Das \u201eM\u00e4chler-Team\u201c mit Hubertus Kretschmer, Jos Fackler, Stefan Prestel, Karl Sutter, Hermann Wasserrab und Werner Wirth erm\u00f6glichte uns einen sehr informativen und unterhaltsamen Streifzug durch die einzelnen R\u00e4ume und den Dachboden des ehemaligen Kaplanhauses. Gleich zu Beginn schaute unser B\u00fcrgermeister Josef W\u00f6lfle vorbei und begr\u00fc\u00dfte die Lehrkr\u00e4fte pers\u00f6nlich. Jos Fackler trug (s)einen lustigen Sch\u00fcleraufsatz vor,&nbsp; Stefan Prestel gab sogar ein selbstgeschriebenes Lied \u00fcber unsere Heimat zum Besten.<\/p>\n\n\n\n<p>Mit dem Vorsatz, jeder Sch\u00fcler unserer Schule darf einmal in seiner Schulzeit ins Heimathaus \u201ewandern\u201c, beendeten wir den Vormittag. Unser herzliches Dankesch\u00f6n gilt den B\u00f6rwanger \u201eM\u00e4chlern\u201c, die sich so viel Zeit f\u00fcr uns genommen haben und uns mit viel besonderem, oft auch humorvollen Detailwissen durch`s Heimathaus f\u00fchrten.<\/p>\n","protected":false},"excerpt":{"rendered":"<p>Geschichte und Natur erfahren und erleben, das durften die Lehrkr\u00e4fte im Rahmen einer Fortbildung im Heimathaus B\u00f6rwang. Das \u201eM\u00e4chler-Team\u201c mit &hellip; <\/p>\n","protected":false},"author":4,"featured_media":0,"comment_status":"closed","ping_status":"open","sticky":false,"template":"","format":"standard","meta":{"footnotes":""},"categories":[7],"tags":[],"class_list":["post-778","post","type-post","status-publish","format-standard","hentry","category-schuljahr-2023-24"],"_links":{"self":[{"href":"https:\/\/vs-haldenwang.de\/wordpress\/wp-json\/wp\/v2\/posts\/778","targetHints":{"allow":["GET"]}}],"collection":[{"href":"https:\/\/vs-haldenwang.de\/wordpress\/wp-json\/wp\/v2\/posts"}],"about":[{"href":"https:\/\/vs-haldenwang.de\/wordpress\/wp-json\/wp\/v2\/types\/post"}],"author":[{"embeddable":true,"href":"https:\/\/vs-haldenwang.de\/wordpress\/wp-json\/wp\/v2\/users\/4"}],"replies":[{"embeddable":true,"href":"https:\/\/vs-haldenwang.de\/wordpress\/wp-json\/wp\/v2\/comments?post=778"}],"version-history":[{"count":1,"href":"https:\/\/vs-haldenwang.de\/wordpress\/wp-json\/wp\/v2\/posts\/778\/revisions"}],"predecessor-version":[{"id":779,"href":"https:\/\/vs-haldenwang.de\/wordpress\/wp-json\/wp\/v2\/posts\/778\/revisions\/779"}],"wp:attachment":[{"href":"https:\/\/vs-haldenwang.de\/wordpress\/wp-json\/wp\/v2\/media?parent=778"}],"wp:term":[{"taxonomy":"category","embeddable":true,"href":"https:\/\/vs-haldenwang.de\/wordpress\/wp-json\/wp\/v2\/categories?post=778"},{"taxonomy":"post_tag","embeddable":true,"href":"https:\/\/vs-haldenwang.de\/wordpress\/wp-json\/wp\/v2\/tags?post=778"}],"curies":[{"name":"wp","href":"https:\/\/api.w.org\/{rel}","templated":true}]}}