{"id":788,"date":"2023-12-13T12:08:09","date_gmt":"2023-12-13T11:08:09","guid":{"rendered":"http:\/\/vs-haldenwang.de\/wordpress\/?p=788"},"modified":"2023-12-13T12:09:35","modified_gmt":"2023-12-13T11:09:35","slug":"weihnachtswuensche","status":"publish","type":"post","link":"https:\/\/vs-haldenwang.de\/wordpress\/2023\/12\/13\/weihnachtswuensche\/","title":{"rendered":"Weihnachtsw\u00fcnsche"},"content":{"rendered":"\n<p class=\"has-text-align-center\">Gesegnete Weihnachten<\/p>\n\n\n\n<p class=\"has-text-align-center\">und ein<\/p>\n\n\n\n<p class=\"has-text-align-center\">gl\u00fcckliches neues Jahr<\/p>\n\n\n\n<p class=\"has-text-align-center\">w\u00fcnscht<\/p>\n\n\n\n<p class=\"has-text-align-center\">die Grundschule Haldenwang,<\/p>\n\n\n\n<p class=\"has-text-align-center\">das sind unsere Schulkinder,&nbsp;die Lehrkr\u00e4fte, die Schulleitung,&nbsp;<\/p>\n\n\n\n<p class=\"has-text-align-center\">das Hauspersonal und der Elternbeirat,<\/p>\n\n\n\n<p class=\"has-text-align-center\">allen Sch\u00fclereltern,<\/p>\n\n\n\n<p class=\"has-text-align-center\">ehrenamtlichen Helfern,<\/p>\n\n\n\n<p class=\"has-text-align-center\">Freunden und G\u00f6nnern unserer Schule.<\/p>\n\n\n\n<p class=\"has-text-align-center\">Der erste Schultag nach den Ferien ist <strong>Montag, 08.01.2024.<\/strong><\/p>\n","protected":false},"excerpt":{"rendered":"<p>Gesegnete Weihnachten und ein gl\u00fcckliches neues Jahr w\u00fcnscht die Grundschule Haldenwang, das sind unsere Schulkinder,&nbsp;die Lehrkr\u00e4fte, die Schulleitung,&nbsp; das Hauspersonal &hellip; <\/p>\n","protected":false},"author":4,"featured_media":0,"comment_status":"closed","ping_status":"open","sticky":false,"template":"","format":"standard","meta":{"footnotes":""},"categories":[7],"tags":[],"class_list":["post-788","post","type-post","status-publish","format-standard","hentry","category-schuljahr-2023-24"],"_links":{"self":[{"href":"https:\/\/vs-haldenwang.de\/wordpress\/wp-json\/wp\/v2\/posts\/788","targetHints":{"allow":["GET"]}}],"collection":[{"href":"https:\/\/vs-haldenwang.de\/wordpress\/wp-json\/wp\/v2\/posts"}],"about":[{"href":"https:\/\/vs-haldenwang.de\/wordpress\/wp-json\/wp\/v2\/types\/post"}],"author":[{"embeddable":true,"href":"https:\/\/vs-haldenwang.de\/wordpress\/wp-json\/wp\/v2\/users\/4"}],"replies":[{"embeddable":true,"href":"https:\/\/vs-haldenwang.de\/wordpress\/wp-json\/wp\/v2\/comments?post=788"}],"version-history":[{"count":2,"href":"https:\/\/vs-haldenwang.de\/wordpress\/wp-json\/wp\/v2\/posts\/788\/revisions"}],"predecessor-version":[{"id":790,"href":"https:\/\/vs-haldenwang.de\/wordpress\/wp-json\/wp\/v2\/posts\/788\/revisions\/790"}],"wp:attachment":[{"href":"https:\/\/vs-haldenwang.de\/wordpress\/wp-json\/wp\/v2\/media?parent=788"}],"wp:term":[{"taxonomy":"category","embeddable":true,"href":"https:\/\/vs-haldenwang.de\/wordpress\/wp-json\/wp\/v2\/categories?post=788"},{"taxonomy":"post_tag","embeddable":true,"href":"https:\/\/vs-haldenwang.de\/wordpress\/wp-json\/wp\/v2\/tags?post=788"}],"curies":[{"name":"wp","href":"https:\/\/api.w.org\/{rel}","templated":true}]}}