{"id":868,"date":"2024-05-14T10:57:41","date_gmt":"2024-05-14T08:57:41","guid":{"rendered":"https:\/\/vs-haldenwang.de\/wordpress\/?p=868"},"modified":"2024-05-14T10:57:41","modified_gmt":"2024-05-14T08:57:41","slug":"schulchorsingen-in-kempten-am-21-juni-wir-sind-dabei","status":"publish","type":"post","link":"https:\/\/vs-haldenwang.de\/wordpress\/2024\/05\/14\/schulchorsingen-in-kempten-am-21-juni-wir-sind-dabei\/","title":{"rendered":"Schulchorsingen in Kempten am 21. Juni \u2013 Wir sind dabei!"},"content":{"rendered":"\n<p>Am <strong><u>Freitag, den 21. Juni 2024<\/u><\/strong>, findet in Kempten &#8211; in Zusammenarbeit mit dem Staatlichen Schulamt Oberallg\u00e4u\/Lindau\/Kempten und dem Kreis-Chorverband Allg\u00e4u &#8211; das <strong><u>17. Schulchorsingen<\/u><\/strong> statt.<\/p>\n\n\n\n<p>Wie auch bei fr\u00fcheren Schulchorsingen singen und spielen <strong><u>Kinder f\u00fcr Kinder,<\/u><\/strong> und wir unterst\u00fctzen dabei ein soziales Projekt.<\/p>\n\n\n\n<p>Die Ch\u00f6re, Klassen und Instrumentalklassen musizieren am <strong><u>Freitagvormittag zwischen 10.00 Uhr und 12.00 Uhr<\/u><\/strong> an verschiedenen Pl\u00e4tzen entlang der Fu\u00dfg\u00e4ngerzone in der Kemptener Innenstadt.<\/p>\n\n\n\n<p>Um 12.00 Uhr treffen sich alle beteiligten Gruppen zu einem gemeinsamen Abschluss vor<strong><u> der Residenz<\/u><\/strong> und singen dort drei einstudierte Lieder.<\/p>\n\n\n\n<p>Alle Spenden, die w\u00e4hrend der Auftritte gesammelt werden, gehen zugunsten des Baus der Grundschule in \u00c4thiopien (11. Kemptener Grundschule).<\/p>\n\n\n\n<p>Die Schirmherrschaft f\u00fcr das 17. Schulchorsingen \u00fcbernimmt auch in diesem Jahr der Kemptener <strong>Oberb\u00fcrgermeister Herr Thomas Kiechle.<\/strong><\/p>\n\n\n\n<p>Unsere Schule Haldenwang beteiligt sich daran mit der Instrumentalgruppe der 4. Klassen.<\/p>\n\n\n\n<p>Hiermit laden wir alle, die sich unserer Schulfamilie verbunden f\u00fchlen, insbesondere alle Mamas, Papas, Omas, Opas, Geschwisterkinder, Onkel, Tanten, Fans \ud83d\ude09, Gro\u00df und Klein, ganz herzlich ein!<\/p>\n\n\n\n<p>Wir freuen uns schon heute auf zahlreiche Zuh\u00f6rer \u2013 und nat\u00fcrlich auch \u00fcber jede Menge gro\u00dfz\u00fcgiger Spenden zugunsten der Kinder in \u00c4thiopien.<\/p>\n\n\n\n<p>Vielen herzlichen Dank daf\u00fcr!<\/p>\n","protected":false},"excerpt":{"rendered":"<p>Am Freitag, den 21. Juni 2024, findet in Kempten &#8211; in Zusammenarbeit mit dem Staatlichen Schulamt Oberallg\u00e4u\/Lindau\/Kempten und dem Kreis-Chorverband &hellip; <\/p>\n","protected":false},"author":4,"featured_media":0,"comment_status":"closed","ping_status":"open","sticky":false,"template":"","format":"standard","meta":{"footnotes":""},"categories":[7],"tags":[],"class_list":["post-868","post","type-post","status-publish","format-standard","hentry","category-schuljahr-2023-24"],"_links":{"self":[{"href":"https:\/\/vs-haldenwang.de\/wordpress\/wp-json\/wp\/v2\/posts\/868","targetHints":{"allow":["GET"]}}],"collection":[{"href":"https:\/\/vs-haldenwang.de\/wordpress\/wp-json\/wp\/v2\/posts"}],"about":[{"href":"https:\/\/vs-haldenwang.de\/wordpress\/wp-json\/wp\/v2\/types\/post"}],"author":[{"embeddable":true,"href":"https:\/\/vs-haldenwang.de\/wordpress\/wp-json\/wp\/v2\/users\/4"}],"replies":[{"embeddable":true,"href":"https:\/\/vs-haldenwang.de\/wordpress\/wp-json\/wp\/v2\/comments?post=868"}],"version-history":[{"count":1,"href":"https:\/\/vs-haldenwang.de\/wordpress\/wp-json\/wp\/v2\/posts\/868\/revisions"}],"predecessor-version":[{"id":869,"href":"https:\/\/vs-haldenwang.de\/wordpress\/wp-json\/wp\/v2\/posts\/868\/revisions\/869"}],"wp:attachment":[{"href":"https:\/\/vs-haldenwang.de\/wordpress\/wp-json\/wp\/v2\/media?parent=868"}],"wp:term":[{"taxonomy":"category","embeddable":true,"href":"https:\/\/vs-haldenwang.de\/wordpress\/wp-json\/wp\/v2\/categories?post=868"},{"taxonomy":"post_tag","embeddable":true,"href":"https:\/\/vs-haldenwang.de\/wordpress\/wp-json\/wp\/v2\/tags?post=868"}],"curies":[{"name":"wp","href":"https:\/\/api.w.org\/{rel}","templated":true}]}}