{"id":933,"date":"2024-10-02T09:24:02","date_gmt":"2024-10-02T07:24:02","guid":{"rendered":"https:\/\/vs-haldenwang.de\/wordpress\/?p=933"},"modified":"2024-10-02T09:24:02","modified_gmt":"2024-10-02T07:24:02","slug":"schulanfang","status":"publish","type":"post","link":"https:\/\/vs-haldenwang.de\/wordpress\/2024\/10\/02\/schulanfang\/","title":{"rendered":"Schulanfang"},"content":{"rendered":"\n<p>Heuer begr\u00fc\u00dften wir 52 neue Erstkl\u00e4ssler mit ihren Eltern und ihren bunten, selbst gestalteten Schult\u00fcten an unserer Schule.<\/p>\n\n\n\n<p>Der Schulleiter Herr Sturm und die Konrektorin Frau Schmid-Brunk hie\u00dfen alle G\u00e4ste herzlich willkommen und w\u00fcnschten unseren ABC Sch\u00fctzen einen guten Schulstart.<\/p>\n\n\n\n<p>Unser 1. B\u00fcrgermeister Herr Josef W\u00f6lfle und der 2. B\u00fcrgermeister<\/p>\n\n\n\n<p>Herr Matthias Amann hatte f\u00fcr alle Kinder Buntstifte im Gep\u00e4ck.<\/p>\n\n\n\n<p>Auch die Elternbeiratsvorsitzende Frau Wilhelm und Frau Friedrich, Leiterin der Bus- und Mittagsbetreuung begr\u00fc\u00dften die G\u00e4ste.<\/p>\n\n\n\n<p>In den n\u00e4chsten Tagen bekamen die 1. Klassen dann Besuch von zwei Mitarbeitern der Raiffeisenbank, die den Kindern ebenfalls einen guten Start w\u00fcnschten. Sie brachten unseren ABC Sch\u00fctzen Leuchtmonster, die jetzt viele Schulr\u00e4nzen zieren, und einen Gutschein f\u00fcr eine Brotzeitbox mit.<\/p>\n\n\n\n<p>In der zweiten Schulwoche gab es f\u00fcr alle Erstkl\u00e4ssler eine vom ZAK Kempten gespendete, gef\u00fcllte Brotzeitbox mit leckeren und gesunden Bio-Produkten von Allg\u00e4uer Herstellern.<\/p>\n\n\n\n<p>Die Grundschule Haldenwang bedankt sich recht herzlich bei allen, die unseren Schulkindern eine gro\u00dfe Freude zum Schulstart gemacht haben und sich gleichzeitig f\u00fcr die Sicherheit und Gesundheit der Kinder einsetzen.<\/p>\n\n\n\n<p><strong>Wir w\u00fcnschen allen unseren Schulkindern und ihren Eltern einen guten Schulstart!<\/strong><\/p>\n","protected":false},"excerpt":{"rendered":"<p>Heuer begr\u00fc\u00dften wir 52 neue Erstkl\u00e4ssler mit ihren Eltern und ihren bunten, selbst gestalteten Schult\u00fcten an unserer Schule. Der Schulleiter &hellip; <\/p>\n","protected":false},"author":4,"featured_media":0,"comment_status":"closed","ping_status":"open","sticky":false,"template":"","format":"standard","meta":{"footnotes":""},"categories":[9],"tags":[],"class_list":["post-933","post","type-post","status-publish","format-standard","hentry","category-schuljahr-2024-25"],"_links":{"self":[{"href":"https:\/\/vs-haldenwang.de\/wordpress\/wp-json\/wp\/v2\/posts\/933","targetHints":{"allow":["GET"]}}],"collection":[{"href":"https:\/\/vs-haldenwang.de\/wordpress\/wp-json\/wp\/v2\/posts"}],"about":[{"href":"https:\/\/vs-haldenwang.de\/wordpress\/wp-json\/wp\/v2\/types\/post"}],"author":[{"embeddable":true,"href":"https:\/\/vs-haldenwang.de\/wordpress\/wp-json\/wp\/v2\/users\/4"}],"replies":[{"embeddable":true,"href":"https:\/\/vs-haldenwang.de\/wordpress\/wp-json\/wp\/v2\/comments?post=933"}],"version-history":[{"count":1,"href":"https:\/\/vs-haldenwang.de\/wordpress\/wp-json\/wp\/v2\/posts\/933\/revisions"}],"predecessor-version":[{"id":934,"href":"https:\/\/vs-haldenwang.de\/wordpress\/wp-json\/wp\/v2\/posts\/933\/revisions\/934"}],"wp:attachment":[{"href":"https:\/\/vs-haldenwang.de\/wordpress\/wp-json\/wp\/v2\/media?parent=933"}],"wp:term":[{"taxonomy":"category","embeddable":true,"href":"https:\/\/vs-haldenwang.de\/wordpress\/wp-json\/wp\/v2\/categories?post=933"},{"taxonomy":"post_tag","embeddable":true,"href":"https:\/\/vs-haldenwang.de\/wordpress\/wp-json\/wp\/v2\/tags?post=933"}],"curies":[{"name":"wp","href":"https:\/\/api.w.org\/{rel}","templated":true}]}}