{"id":935,"date":"2024-10-02T09:27:51","date_gmt":"2024-10-02T07:27:51","guid":{"rendered":"https:\/\/vs-haldenwang.de\/wordpress\/?p=935"},"modified":"2024-10-02T09:27:51","modified_gmt":"2024-10-02T07:27:51","slug":"neues-team-der-streitschlichter-an-der-grundschule-haldenwang","status":"publish","type":"post","link":"https:\/\/vs-haldenwang.de\/wordpress\/2024\/10\/02\/neues-team-der-streitschlichter-an-der-grundschule-haldenwang\/","title":{"rendered":"Neues Team der Streitschlichter an der Grundschule Haldenwang"},"content":{"rendered":"\n<p>Seit dem Schuljahr 2021\/22 werden Sch\u00fclerinnen und Sch\u00fcler der GS Haldenwang am Ende der 3. Jahrgangsstufe von unserem Schulsozialp\u00e4dagogen f\u00fcr diese Aufgabe ausgebildet. Im darauffolgenden Schuljahr beginnen die Streitschlichter ihren aktiven Dienst auf dem Pausenhof.<\/p>\n\n\n\n<p>Auch heuer haben sich wieder Schulkinder gefunden, die sich der Herausforderung mit gro\u00dfer Motivation stellen und versuchen, mit Hilfe des \u201eFriedensweges\u201c eine m\u00f6glichst f\u00fcr alle Beteiligten, zufriedene L\u00f6sung zu finden.<\/p>\n\n\n\n<p>Konflikte und Streitigkeiten geh\u00f6ren zum Leben dazu und treten nat\u00fcrlich auch an unserer Schule auf. Von entscheidender Wichtigkeit ist hierbei jedoch, <em>wie<\/em> diese Konflikte gel\u00f6st werden. Denn Schule soll schlie\u00dflich als ein gewaltfreier Raum empfunden werden. Dazu tragen unsere Streitschlichterinnen und Streitschlichter einen Gro\u00dfteil bei.<\/p>\n\n\n\n<p>Nicht nur die Streitenden profitieren von der Methode der Streitschlichtung unter Gleichaltrigen (peer to peer Mediation), auch die Streitschlichter selbst lernen wertvolle Kompetenzen f\u00fcr ihr Leben, wie z. B. Kommunikation, Empathie und Konfliktl\u00f6sungsstrategien.<\/p>\n\n\n\n<p>&nbsp;&nbsp;&nbsp;&nbsp;&nbsp;&nbsp;&nbsp;&nbsp;&nbsp;&nbsp;&nbsp;&nbsp;&nbsp;&nbsp;&nbsp;&nbsp;&nbsp;&nbsp;&nbsp;&nbsp;&nbsp;&nbsp;&nbsp;&nbsp;&nbsp;&nbsp;&nbsp;&nbsp;&nbsp;&nbsp;&nbsp;&nbsp;&nbsp;&nbsp;&nbsp;&nbsp;&nbsp;&nbsp;&nbsp;&nbsp;&nbsp;&nbsp;&nbsp;&nbsp;&nbsp;&nbsp; <em>Vielen Dank f\u00fcr Eure Unterst\u00fctzung, Daniel Sommer (Schulsozialp\u00e4dagoge)<\/em><\/p>\n\n\n\n<figure class=\"wp-block-image size-large\"><a href=\"https:\/\/vs-haldenwang.de\/wordpress\/wp-content\/uploads\/2024\/10\/Streitschlichter-2024-25-scaled.jpg\"><img loading=\"lazy\" decoding=\"async\" width=\"1024\" height=\"768\" src=\"https:\/\/vs-haldenwang.de\/wordpress\/wp-content\/uploads\/2024\/10\/Streitschlichter-2024-25-1024x768.jpg\" alt=\"\" class=\"wp-image-936\" srcset=\"https:\/\/vs-haldenwang.de\/wordpress\/wp-content\/uploads\/2024\/10\/Streitschlichter-2024-25-1024x768.jpg 1024w, https:\/\/vs-haldenwang.de\/wordpress\/wp-content\/uploads\/2024\/10\/Streitschlichter-2024-25-300x225.jpg 300w, https:\/\/vs-haldenwang.de\/wordpress\/wp-content\/uploads\/2024\/10\/Streitschlichter-2024-25-768x576.jpg 768w, https:\/\/vs-haldenwang.de\/wordpress\/wp-content\/uploads\/2024\/10\/Streitschlichter-2024-25-1536x1152.jpg 1536w, https:\/\/vs-haldenwang.de\/wordpress\/wp-content\/uploads\/2024\/10\/Streitschlichter-2024-25-2048x1536.jpg 2048w\" sizes=\"auto, (max-width: 1024px) 100vw, 1024px\" \/><\/a><\/figure>\n","protected":false},"excerpt":{"rendered":"<p>Seit dem Schuljahr 2021\/22 werden Sch\u00fclerinnen und Sch\u00fcler der GS Haldenwang am Ende der 3. Jahrgangsstufe von unserem Schulsozialp\u00e4dagogen f\u00fcr &hellip; <\/p>\n","protected":false},"author":4,"featured_media":0,"comment_status":"closed","ping_status":"open","sticky":false,"template":"","format":"standard","meta":{"footnotes":""},"categories":[9],"tags":[],"class_list":["post-935","post","type-post","status-publish","format-standard","hentry","category-schuljahr-2024-25"],"_links":{"self":[{"href":"https:\/\/vs-haldenwang.de\/wordpress\/wp-json\/wp\/v2\/posts\/935","targetHints":{"allow":["GET"]}}],"collection":[{"href":"https:\/\/vs-haldenwang.de\/wordpress\/wp-json\/wp\/v2\/posts"}],"about":[{"href":"https:\/\/vs-haldenwang.de\/wordpress\/wp-json\/wp\/v2\/types\/post"}],"author":[{"embeddable":true,"href":"https:\/\/vs-haldenwang.de\/wordpress\/wp-json\/wp\/v2\/users\/4"}],"replies":[{"embeddable":true,"href":"https:\/\/vs-haldenwang.de\/wordpress\/wp-json\/wp\/v2\/comments?post=935"}],"version-history":[{"count":1,"href":"https:\/\/vs-haldenwang.de\/wordpress\/wp-json\/wp\/v2\/posts\/935\/revisions"}],"predecessor-version":[{"id":937,"href":"https:\/\/vs-haldenwang.de\/wordpress\/wp-json\/wp\/v2\/posts\/935\/revisions\/937"}],"wp:attachment":[{"href":"https:\/\/vs-haldenwang.de\/wordpress\/wp-json\/wp\/v2\/media?parent=935"}],"wp:term":[{"taxonomy":"category","embeddable":true,"href":"https:\/\/vs-haldenwang.de\/wordpress\/wp-json\/wp\/v2\/categories?post=935"},{"taxonomy":"post_tag","embeddable":true,"href":"https:\/\/vs-haldenwang.de\/wordpress\/wp-json\/wp\/v2\/tags?post=935"}],"curies":[{"name":"wp","href":"https:\/\/api.w.org\/{rel}","templated":true}]}}