{"id":939,"date":"2024-10-14T12:09:19","date_gmt":"2024-10-14T10:09:19","guid":{"rendered":"https:\/\/vs-haldenwang.de\/wordpress\/?p=939"},"modified":"2024-10-14T12:09:19","modified_gmt":"2024-10-14T10:09:19","slug":"schulkinder-pressen-mit-dem-gartenbauverein-apfelsaft","status":"publish","type":"post","link":"https:\/\/vs-haldenwang.de\/wordpress\/2024\/10\/14\/schulkinder-pressen-mit-dem-gartenbauverein-apfelsaft\/","title":{"rendered":"Schulkinder pressen mit dem Gartenbauverein Apfelsaft"},"content":{"rendered":"\n<p><strong>\u201eMmm schmeckt richtig lecker!\u201c<\/strong><\/p>\n\n\n\n<p>Das stellten unsere Erst- und Zweitkl\u00e4ssler erstaunt fest, als wir unsere Apfelpresse, die wir vor f\u00fcnf Jahren beim bayernweiten Wettbewerb \u201eEin Apfelbaum begleitet uns durchs Schuljahr\u201c als 1. Preis gewonnen hatten, aus dem Keller holten.<\/p>\n\n\n\n<p>Frau H\u00fcbner, Vorsitzende des Gartenbauvereins Haldenwang\/B\u00f6rwang und ihr Team des Gartenbauvereins brachte einen H\u00e4cksler mit, mit dem wir die \u00c4pfel erst einmal zerkleinerten. Anschlie\u00dfend pressten wir gemeinsam klassenweise frischen Apfelsaft. Jedes Schulkind konnte von dem leckeren Saft probieren so viel es mochte.<\/p>\n\n\n\n<p>Unser herzliches Dankesch\u00f6n allen, die uns \u00c4pfel und Birnen zur Verf\u00fcgung stellten und Frau H\u00fcbner und ihren ehrenamtlichen Helferinnen des Gartenbauvereins, die uns drei Tage lang beim Saft Pressen unterst\u00fctzten und so diese tolle Aktion erst m\u00f6glich machten!<\/p>\n","protected":false},"excerpt":{"rendered":"<p>\u201eMmm schmeckt richtig lecker!\u201c Das stellten unsere Erst- und Zweitkl\u00e4ssler erstaunt fest, als wir unsere Apfelpresse, die wir vor f\u00fcnf &hellip; <\/p>\n","protected":false},"author":4,"featured_media":0,"comment_status":"closed","ping_status":"open","sticky":false,"template":"","format":"standard","meta":{"footnotes":""},"categories":[9],"tags":[],"class_list":["post-939","post","type-post","status-publish","format-standard","hentry","category-schuljahr-2024-25"],"_links":{"self":[{"href":"https:\/\/vs-haldenwang.de\/wordpress\/wp-json\/wp\/v2\/posts\/939","targetHints":{"allow":["GET"]}}],"collection":[{"href":"https:\/\/vs-haldenwang.de\/wordpress\/wp-json\/wp\/v2\/posts"}],"about":[{"href":"https:\/\/vs-haldenwang.de\/wordpress\/wp-json\/wp\/v2\/types\/post"}],"author":[{"embeddable":true,"href":"https:\/\/vs-haldenwang.de\/wordpress\/wp-json\/wp\/v2\/users\/4"}],"replies":[{"embeddable":true,"href":"https:\/\/vs-haldenwang.de\/wordpress\/wp-json\/wp\/v2\/comments?post=939"}],"version-history":[{"count":1,"href":"https:\/\/vs-haldenwang.de\/wordpress\/wp-json\/wp\/v2\/posts\/939\/revisions"}],"predecessor-version":[{"id":940,"href":"https:\/\/vs-haldenwang.de\/wordpress\/wp-json\/wp\/v2\/posts\/939\/revisions\/940"}],"wp:attachment":[{"href":"https:\/\/vs-haldenwang.de\/wordpress\/wp-json\/wp\/v2\/media?parent=939"}],"wp:term":[{"taxonomy":"category","embeddable":true,"href":"https:\/\/vs-haldenwang.de\/wordpress\/wp-json\/wp\/v2\/categories?post=939"},{"taxonomy":"post_tag","embeddable":true,"href":"https:\/\/vs-haldenwang.de\/wordpress\/wp-json\/wp\/v2\/tags?post=939"}],"curies":[{"name":"wp","href":"https:\/\/api.w.org\/{rel}","templated":true}]}}